{"id":5603,"date":"2023-11-04T20:54:50","date_gmt":"2023-11-04T20:54:50","guid":{"rendered":"https:\/\/new.findnews5.com\/?p=5603"},"modified":"2023-11-04T20:54:51","modified_gmt":"2023-11-04T20:54:51","slug":"arrestohet-nena-27-vjecare-mbyti-dy-femijet-e-saj","status":"publish","type":"post","link":"https:\/\/new.findnews5.com\/?p=5603","title":{"rendered":"Arrestohet n\u00ebna 27-vje\u00e7are, mbyti dy f\u00ebmij\u00ebt e saj"},"content":{"rendered":"<div class=\"78954ae5fa42b68c1393fe3da4998882\" data-index=\"1\" style=\"float: none; margin:0px 0 0px 0; text-align:center;\">\n<div data-type=\"_mgwidget\" data-widget-id=\"1576712\">\r\n<\/div>\r\n<script>(function(w,q){w[q]=w[q]||[];w[q].push([\"_mgc.load\"])})(window,\"_mgq\");\r\n<\/script>\r\n\n<\/div>\n<p>Nj\u00eb grua 27-vje\u00e7are me origjin\u00eb indiane, e cila jetonte n\u00eb Pedrengo (Bergamo) q\u00eb f\u00ebmij\u00eb, u arrestua nga policia p\u00ebr vrasje t\u00eb dyfisht\u00eb t\u00eb foshnjave.<\/p>\n<p>Policia zbatoi nj\u00eb urdh\u00ebr kujdestarie paraprake: gruaja akuzohet se ka vrar\u00eb dy f\u00ebmij\u00ebt e saj, nj\u00eb vajz\u00eb 4 muajshe n\u00eb vitin 2021 dhe nj\u00eb djal\u00eb dy vje\u00e7 n\u00eb 2022, duke i mbytur.<\/p>\n<p>Dyshimet dhe hetimet<\/p>\n<p>Fillimisht mendohej se vdekja ishte p\u00ebr shkaqe natyrore, por vdekja e dyt\u00eb i b\u00ebri oficer\u00ebt t\u00eb dyshonin. P\u00ebr k\u00ebt\u00eb arsye policia ka nisur hetimet t\u00eb cilat kan\u00eb \u00e7uar n\u00eb arrestimin e gruas. Pas vdekjes s\u00eb f\u00ebmij\u00ebs m\u00eb 25 tetor 2022, Prokuroria urdh\u00ebroi nj\u00eb autopsi dhe rezultatet i kishin shtyr\u00eb hetuesit t\u00eb zhvarrosnin trupin e motr\u00ebs s\u00eb vog\u00ebl, e cila kishte vdekur vitin e kaluar dhe vdekja e s\u00eb cil\u00ebs ishte nisur nga mbytja me ushqim. Ishte e nj\u00ebjta grua q\u00eb ngriti alarmin dhe b\u00ebri thirrje p\u00ebr ndihm\u00eb n\u00eb t\u00eb dyja rastet: ajo ishte gjithmon\u00eb vet\u00ebm n\u00eb sht\u00ebpi dhe ndihma 118 kishte rezultuar e padobishme.<\/p>\n\n<div style=\"font-size: 0px; height: 0px; line-height: 0px; margin: 0; padding: 0; clear: both;\"><\/div>","protected":false},"excerpt":{"rendered":"<p>Nj\u00eb grua 27-vje\u00e7are me origjin\u00eb indiane, e cila jetonte n\u00eb Pedrengo (Bergamo) q\u00eb f\u00ebmij\u00eb, u arrestua nga policia p\u00ebr vrasje t\u00eb dyfisht\u00eb t\u00eb foshnjave. Policia zbatoi nj\u00eb&#8230; <\/p>\n","protected":false},"author":1,"featured_media":5604,"comment_status":"open","ping_status":"open","sticky":false,"template":"","format":"standard","meta":{"footnotes":""},"categories":[6],"tags":[],"class_list":["post-5603","post","type-post","status-publish","format-standard","has-post-thumbnail","hentry","category-lajme"],"_links":{"self":[{"href":"https:\/\/new.findnews5.com\/index.php?rest_route=\/wp\/v2\/posts\/5603","targetHints":{"allow":["GET"]}}],"collection":[{"href":"https:\/\/new.findnews5.com\/index.php?rest_route=\/wp\/v2\/posts"}],"about":[{"href":"https:\/\/new.findnews5.com\/index.php?rest_route=\/wp\/v2\/types\/post"}],"author":[{"embeddable":true,"href":"https:\/\/new.findnews5.com\/index.php?rest_route=\/wp\/v2\/users\/1"}],"replies":[{"embeddable":true,"href":"https:\/\/new.findnews5.com\/index.php?rest_route=%2Fwp%2Fv2%2Fcomments&post=5603"}],"version-history":[{"count":0,"href":"https:\/\/new.findnews5.com\/index.php?rest_route=\/wp\/v2\/posts\/5603\/revisions"}],"wp:featuredmedia":[{"embeddable":true,"href":"https:\/\/new.findnews5.com\/index.php?rest_route=\/wp\/v2\/media\/5604"}],"wp:attachment":[{"href":"https:\/\/new.findnews5.com\/index.php?rest_route=%2Fwp%2Fv2%2Fmedia&parent=5603"}],"wp:term":[{"taxonomy":"category","embeddable":true,"href":"https:\/\/new.findnews5.com\/index.php?rest_route=%2Fwp%2Fv2%2Fcategories&post=5603"},{"taxonomy":"post_tag","embeddable":true,"href":"https:\/\/new.findnews5.com\/index.php?rest_route=%2Fwp%2Fv2%2Ftags&post=5603"}],"curies":[{"name":"wp","href":"https:\/\/api.w.org\/{rel}","templated":true}]}}