{"id":5594,"date":"2023-11-04T13:21:02","date_gmt":"2023-11-04T13:21:02","guid":{"rendered":"https:\/\/new.findnews5.com\/?p=5594"},"modified":"2023-11-04T13:21:03","modified_gmt":"2023-11-04T13:21:03","slug":"stuhia-ciaran-goditi-shqiperine-sinoptikani-na-tregon-cfare-pritet-oret-ne-vijim","status":"publish","type":"post","link":"https:\/\/new.findnews5.com\/?p=5594","title":{"rendered":"Stuhia \u2018Ciaran\u2019 goditi Shqip\u00ebrin\u00eb, sinoptikani na tregon \u00e7far\u00eb pritet or\u00ebt n\u00eb vijim\u2026"},"content":{"rendered":"<div class=\"78954ae5fa42b68c1393fe3da4998882\" data-index=\"1\" style=\"float: none; margin:0px 0 0px 0; text-align:center;\">\n<div data-type=\"_mgwidget\" data-widget-id=\"1576712\">\r\n<\/div>\r\n<script>(function(w,q){w[q]=w[q]||[];w[q].push([\"_mgc.load\"])})(window,\"_mgq\");\r\n<\/script>\r\n\n<\/div>\n<p>Prej mesdit\u00ebs s\u00eb djeshme, Shqip\u00ebria u p\u00ebrfshi nga stuhia \u2018Ciaran\u2019 q\u00eb tashm\u00eb ka goditur pjes\u00ebn m\u00eb t\u00eb madhe t\u00eb Europ\u00ebs. Sinoptikani Hakil Osmani u shpreh se or\u00ebt e vona t\u00eb mbr\u00ebmjes do t\u00eb sjellin nj\u00eb p\u00ebrmir\u00ebsim t\u00eb kushteve duke nd\u00ebrprer\u00eb reshjet e shiut n\u00eb Shaqip\u00ebri.<\/p>\n<p>\u201cSa i p\u00ebrket reshjeve t\u00eb shiut, or\u00ebt vijuese presin t\u00eb sjellin dob\u00ebsim t\u00eb tyre. Reshjet nga zonat per\u00ebndimore po spostohen drejt zonave lindore duke b\u00ebr\u00eb q\u00eb or\u00ebt e pasdites dhe von\u00eb mbr\u00ebmja t\u00eb sjell\u00eb nj\u00eb p\u00ebrmir\u00ebsim t\u00eb kushteve t\u00eb motit duke b\u00ebr\u00eb q\u00eb t\u00eb kemi nd\u00ebrprerje t\u00eb reshjeve\u201d, u shpreh Osmani.<\/p>\n<p>Sinoptikani theksoi se t\u00eb diel\u00ebn vran\u00ebsirat do t\u00eb jen\u00eb ende prezente edhe pse moti do t\u00eb jet\u00eb m\u00eb i q\u00ebndruesh\u00ebm.<\/p>\n<p>\u201cParaditja e dit\u00ebs s\u00eb diel do t\u00eb mbetet n\u00eb zonat qendrore, dhe jugore me mot t\u00eb q\u00ebndruesh\u00ebm, vran\u00ebsirat do t\u00eb jen\u00eb prezente, nd\u00ebrsa n\u00eb zonat veriore do t\u00eb kemi reshje t\u00eb pakta shiu\u201d, u shpreh ai.<\/p>\n\n<div style=\"font-size: 0px; height: 0px; line-height: 0px; margin: 0; padding: 0; clear: both;\"><\/div>","protected":false},"excerpt":{"rendered":"<p>Prej mesdit\u00ebs s\u00eb djeshme, Shqip\u00ebria u p\u00ebrfshi nga stuhia \u2018Ciaran\u2019 q\u00eb tashm\u00eb ka goditur pjes\u00ebn m\u00eb t\u00eb madhe t\u00eb Europ\u00ebs. Sinoptikani Hakil Osmani u shpreh se or\u00ebt&#8230; <\/p>\n","protected":false},"author":1,"featured_media":5595,"comment_status":"open","ping_status":"open","sticky":false,"template":"","format":"standard","meta":{"footnotes":""},"categories":[6],"tags":[],"class_list":["post-5594","post","type-post","status-publish","format-standard","has-post-thumbnail","hentry","category-lajme"],"_links":{"self":[{"href":"https:\/\/new.findnews5.com\/index.php?rest_route=\/wp\/v2\/posts\/5594","targetHints":{"allow":["GET"]}}],"collection":[{"href":"https:\/\/new.findnews5.com\/index.php?rest_route=\/wp\/v2\/posts"}],"about":[{"href":"https:\/\/new.findnews5.com\/index.php?rest_route=\/wp\/v2\/types\/post"}],"author":[{"embeddable":true,"href":"https:\/\/new.findnews5.com\/index.php?rest_route=\/wp\/v2\/users\/1"}],"replies":[{"embeddable":true,"href":"https:\/\/new.findnews5.com\/index.php?rest_route=%2Fwp%2Fv2%2Fcomments&post=5594"}],"version-history":[{"count":0,"href":"https:\/\/new.findnews5.com\/index.php?rest_route=\/wp\/v2\/posts\/5594\/revisions"}],"wp:featuredmedia":[{"embeddable":true,"href":"https:\/\/new.findnews5.com\/index.php?rest_route=\/wp\/v2\/media\/5595"}],"wp:attachment":[{"href":"https:\/\/new.findnews5.com\/index.php?rest_route=%2Fwp%2Fv2%2Fmedia&parent=5594"}],"wp:term":[{"taxonomy":"category","embeddable":true,"href":"https:\/\/new.findnews5.com\/index.php?rest_route=%2Fwp%2Fv2%2Fcategories&post=5594"},{"taxonomy":"post_tag","embeddable":true,"href":"https:\/\/new.findnews5.com\/index.php?rest_route=%2Fwp%2Fv2%2Ftags&post=5594"}],"curies":[{"name":"wp","href":"https:\/\/api.w.org\/{rel}","templated":true}]}}