{"id":5591,"date":"2023-11-04T13:18:56","date_gmt":"2023-11-04T13:18:56","guid":{"rendered":"https:\/\/new.findnews5.com\/?p=5591"},"modified":"2023-11-04T13:18:58","modified_gmt":"2023-11-04T13:18:58","slug":"ky-eshte-vetem-fillimi-spak-godet-berishen-rama-reagon-per-here-te-pare-prisni","status":"publish","type":"post","link":"https:\/\/new.findnews5.com\/?p=5591","title":{"rendered":"\u201cKy \u00ebsht\u00eb vet\u00ebm fillimi!\u201d\/ SPAK \u201cgodet\u201d Berish\u00ebn, Rama reagon p\u00ebr her\u00eb t\u00eb par\u00eb: Prisni\u2026"},"content":{"rendered":"<div class=\"78954ae5fa42b68c1393fe3da4998882\" data-index=\"1\" style=\"float: none; margin:0px 0 0px 0; text-align:center;\">\n<div data-type=\"_mgwidget\" data-widget-id=\"1576712\">\r\n<\/div>\r\n<script>(function(w,q){w[q]=w[q]||[];w[q].push([\"_mgc.load\"])})(window,\"_mgq\");\r\n<\/script>\r\n\n<\/div>\n<p>Kryeministri Edi Rama ka mohuar akuzat se ai kontrollon SPAK apo se Prokuroria Speciale vepron me urdh\u00ebr t\u00eb tij. Rama nuk ka kursyer ironin\u00eb n\u00eb drejtim t\u00eb Sali Berish\u00ebs dhe mb\u00ebshtet\u00ebsve t\u00eb tij, t\u00eb cil\u00ebt e quajn\u00eb SPAK-un, SKAP.<\/p>\n<p>\u201cThon\u00eb q\u00eb s\u2019ka drejt\u00ebsi, por ka nj\u00eb SKAP q\u00eb po e kap\u201d, tha Rama, nd\u00ebrsa u shpreh se \u00e7far\u00eb kemi par\u00eb n\u00eb periudh\u00ebn e fundit \u00ebsht\u00eb vet\u00ebm fillimi i fundit.<\/p>\n<p>\u201cTani \u00ebsht\u00eb edhe SPAK. \u00c7far\u00eb keni par\u00eb n\u00eb periudh\u00ebn e fundit me arrestime figurash t\u00eb profilit t\u00eb larta \u00ebsht\u00eb vet\u00ebm fillimi i fundit. Q\u00eb do t\u00eb thot\u00eb ka filluar fundi i pozicionit t\u00eb privilegjuar t\u00eb krimit t\u00eb organizuar n\u00eb zona t\u00eb caktuara t\u00eb Shqip\u00ebris\u00eb. Do t\u00eb jet\u00eb shum\u00eb e af\u00ebrt koha kur t\u00eb gjitha k\u00ebto vatra do shuhen. K\u00ebt\u00eb luft\u00eb q\u00eb e kemi filluar do ta fitoj\u00eb shteti dhe do ta fitoj\u00eb pa kthim. Sipas meje k\u00ebtu ka dy pozicione t\u00eb dallueshme n\u00eb mexhlisin e debatit publik. Nj\u00ebri \u00ebsht\u00eb drejt\u00ebsin\u00eb e re e solli Amerika, tjetri pozicion \u00ebsht\u00eb s\u2019ka drejt\u00ebsi t\u00eb re por ka nj\u00eb skap q\u00eb po na kap se e ka kapur Edi Rama. T\u00eb dyja k\u00ebto jan\u00eb t\u00eb pav\u00ebrteta\u201d, tha Rama.<\/p>\n\n<div style=\"font-size: 0px; height: 0px; line-height: 0px; margin: 0; padding: 0; clear: both;\"><\/div>","protected":false},"excerpt":{"rendered":"<p>Kryeministri Edi Rama ka mohuar akuzat se ai kontrollon SPAK apo se Prokuroria Speciale vepron me urdh\u00ebr t\u00eb tij. Rama nuk ka kursyer ironin\u00eb n\u00eb drejtim t\u00eb&#8230; <\/p>\n","protected":false},"author":1,"featured_media":5592,"comment_status":"open","ping_status":"open","sticky":false,"template":"","format":"standard","meta":{"footnotes":""},"categories":[6],"tags":[],"class_list":["post-5591","post","type-post","status-publish","format-standard","has-post-thumbnail","hentry","category-lajme"],"_links":{"self":[{"href":"https:\/\/new.findnews5.com\/index.php?rest_route=\/wp\/v2\/posts\/5591","targetHints":{"allow":["GET"]}}],"collection":[{"href":"https:\/\/new.findnews5.com\/index.php?rest_route=\/wp\/v2\/posts"}],"about":[{"href":"https:\/\/new.findnews5.com\/index.php?rest_route=\/wp\/v2\/types\/post"}],"author":[{"embeddable":true,"href":"https:\/\/new.findnews5.com\/index.php?rest_route=\/wp\/v2\/users\/1"}],"replies":[{"embeddable":true,"href":"https:\/\/new.findnews5.com\/index.php?rest_route=%2Fwp%2Fv2%2Fcomments&post=5591"}],"version-history":[{"count":0,"href":"https:\/\/new.findnews5.com\/index.php?rest_route=\/wp\/v2\/posts\/5591\/revisions"}],"wp:featuredmedia":[{"embeddable":true,"href":"https:\/\/new.findnews5.com\/index.php?rest_route=\/wp\/v2\/media\/5592"}],"wp:attachment":[{"href":"https:\/\/new.findnews5.com\/index.php?rest_route=%2Fwp%2Fv2%2Fmedia&parent=5591"}],"wp:term":[{"taxonomy":"category","embeddable":true,"href":"https:\/\/new.findnews5.com\/index.php?rest_route=%2Fwp%2Fv2%2Fcategories&post=5591"},{"taxonomy":"post_tag","embeddable":true,"href":"https:\/\/new.findnews5.com\/index.php?rest_route=%2Fwp%2Fv2%2Ftags&post=5591"}],"curies":[{"name":"wp","href":"https:\/\/api.w.org\/{rel}","templated":true}]}}