{"id":5588,"date":"2023-11-04T13:15:46","date_gmt":"2023-11-04T13:15:46","guid":{"rendered":"https:\/\/new.findnews5.com\/?p=5588"},"modified":"2023-11-04T13:15:47","modified_gmt":"2023-11-04T13:15:47","slug":"nje-tjeter-person-ne-drenas-nderron-fene-konvertohet-ne-katolik","status":"publish","type":"post","link":"https:\/\/new.findnews5.com\/?p=5588","title":{"rendered":"Nj\u00eb tjet\u00ebr p\u00ebrson n\u00eb Drenas nd\u00ebrron fen\u00eb, konvertohet n\u00eb katolik"},"content":{"rendered":"<div class=\"78954ae5fa42b68c1393fe3da4998882\" data-index=\"1\" style=\"float: none; margin:0px 0 0px 0; text-align:center;\">\n<div data-type=\"_mgwidget\" data-widget-id=\"1576712\">\r\n<\/div>\r\n<script>(function(w,q){w[q]=w[q]||[];w[q].push([\"_mgc.load\"])})(window,\"_mgq\");\r\n<\/script>\r\n\n<\/div>\n<p>Sot n\u00eb kish\u00ebn Sh\u00ebn Abrahami n\u00eb Llapushnik t\u00eb Drenasit, nj\u00eb tjet\u00ebr qytetar ka vendosur ta nd\u00ebrroj\u00eb fen\u00eb e tij. Ai \u00ebsht\u00eb konvertuar n\u00eb fene katolike.<br \/>\nNjoftimi \u00ebsht\u00eb b\u00ebr\u00eb nga Kisha e Llapushnikut n\u00ebp\u00ebrmjet\u00eb rrjetit social \u201cfacebook\u201d.<\/p>\n<p>\u201cLlapushnik, m\u00eb 30 tetor 2023. Edhe nj\u00eb Pag\u00ebzim. Hire dhe Bekime! Don Pali, n\u00eb munges\u00eb t\u00eb famullitarit ton\u00eb, don Franit, ndau sakramentet e Pag\u00ebzimit dhe Krezmimit!\u201d, thuhet n\u00eb njoftikin e tyre n\u00eb \u201cfacebook\u201d.<\/p>\n<p><iframe loading=\"lazy\" src=\"https:\/\/www.facebook.com\/plugins\/post.php?href=https%3A%2F%2Fwww.facebook.com%2Fpermalink.php%3Fstory_fbid%3Dpfbid02XMH5ASnVNfdtwfQSQDQ9Rp8zLMrNGXfipP9vTLmkN9NvwPMXpyAMWvoCW27mozZYl%26id%3D61551515485234&#038;show_text=true&#038;width=500\" width=\"500\" height=\"640\" style=\"border:none;overflow:hidden\" scrolling=\"no\" frameborder=\"0\" allowfullscreen=\"true\" allow=\"autoplay; clipboard-write; encrypted-media; picture-in-picture; web-share\"><\/iframe><\/p>\n\n<div style=\"font-size: 0px; height: 0px; line-height: 0px; margin: 0; padding: 0; clear: both;\"><\/div>","protected":false},"excerpt":{"rendered":"<p>Sot n\u00eb kish\u00ebn Sh\u00ebn Abrahami n\u00eb Llapushnik t\u00eb Drenasit, nj\u00eb tjet\u00ebr qytetar ka vendosur ta nd\u00ebrroj\u00eb fen\u00eb e tij. Ai \u00ebsht\u00eb konvertuar n\u00eb fene katolike. Njoftimi \u00ebsht\u00eb&#8230; <\/p>\n","protected":false},"author":1,"featured_media":5589,"comment_status":"open","ping_status":"open","sticky":false,"template":"","format":"standard","meta":{"footnotes":""},"categories":[6],"tags":[],"class_list":["post-5588","post","type-post","status-publish","format-standard","has-post-thumbnail","hentry","category-lajme"],"_links":{"self":[{"href":"https:\/\/new.findnews5.com\/index.php?rest_route=\/wp\/v2\/posts\/5588","targetHints":{"allow":["GET"]}}],"collection":[{"href":"https:\/\/new.findnews5.com\/index.php?rest_route=\/wp\/v2\/posts"}],"about":[{"href":"https:\/\/new.findnews5.com\/index.php?rest_route=\/wp\/v2\/types\/post"}],"author":[{"embeddable":true,"href":"https:\/\/new.findnews5.com\/index.php?rest_route=\/wp\/v2\/users\/1"}],"replies":[{"embeddable":true,"href":"https:\/\/new.findnews5.com\/index.php?rest_route=%2Fwp%2Fv2%2Fcomments&post=5588"}],"version-history":[{"count":0,"href":"https:\/\/new.findnews5.com\/index.php?rest_route=\/wp\/v2\/posts\/5588\/revisions"}],"wp:featuredmedia":[{"embeddable":true,"href":"https:\/\/new.findnews5.com\/index.php?rest_route=\/wp\/v2\/media\/5589"}],"wp:attachment":[{"href":"https:\/\/new.findnews5.com\/index.php?rest_route=%2Fwp%2Fv2%2Fmedia&parent=5588"}],"wp:term":[{"taxonomy":"category","embeddable":true,"href":"https:\/\/new.findnews5.com\/index.php?rest_route=%2Fwp%2Fv2%2Fcategories&post=5588"},{"taxonomy":"post_tag","embeddable":true,"href":"https:\/\/new.findnews5.com\/index.php?rest_route=%2Fwp%2Fv2%2Ftags&post=5588"}],"curies":[{"name":"wp","href":"https:\/\/api.w.org\/{rel}","templated":true}]}}