{"id":5578,"date":"2023-11-04T16:50:20","date_gmt":"2023-11-04T16:50:20","guid":{"rendered":"https:\/\/new.findnews5.com\/?p=5578"},"modified":"2023-11-04T16:50:21","modified_gmt":"2023-11-04T16:50:21","slug":"rrezohet-nje-aeroplan-ne-austri-ka-viktima-ishte-nisur-nga-zagrebi","status":"publish","type":"post","link":"https:\/\/new.findnews5.com\/?p=5578","title":{"rendered":"Rr\u00ebzohet nj\u00eb aeroplan n\u00eb Austri, ka viktima, ishte nisur nga Zagrebi"},"content":{"rendered":"<div class=\"78954ae5fa42b68c1393fe3da4998882\" data-index=\"1\" style=\"float: none; margin:0px 0 0px 0; text-align:center;\">\n<div data-type=\"_mgwidget\" data-widget-id=\"1576712\">\r\n<\/div>\r\n<script>(function(w,q){w[q]=w[q]||[];w[q].push([\"_mgc.load\"])})(window,\"_mgq\");\r\n<\/script>\r\n\n<\/div>\n<p>Nj\u00eb aeroplan i vog\u00ebl Cirrus SR-20 q\u00eb u nis nga Zagrebi rreth or\u00ebs 14:00 p\u00ebr n\u00eb Salzburg u rr\u00ebzua rreth or\u00ebs 3:45 n\u00eb nj\u00eb pyll n\u00eb nj\u00eb terren t\u00eb pakaluesh\u00ebm n\u00eb Passegen, nj\u00eb kresht\u00eb mali n\u00eb komun\u00ebn e Sh\u00ebn Andra im Lungau n\u00eb Austri, shkruan Vecernji List.<\/p>\n<p>Policia austriake tha se kat\u00ebr persona kan\u00eb humbur jet\u00ebn nga rr\u00ebzimi i avionit t\u00eb vog\u00ebl sportiv, raporton APA.<\/p>\n<p>Sh\u00ebrbimet e urgjenc\u00ebs arrit\u00ebn t\u00eb arrinin n\u00eb rr\u00ebnojat e avionit kur pasagjer\u00ebt tashm\u00eb ishin t\u00eb vdekur. Sipas policis\u00eb, viktimat ende nuk jan\u00eb identifikuar. Nuk dihet shkaku i aksidentit.<\/p>\n<p>Zyra e Policis\u00eb Kriminale Shtet\u00ebrore n\u00eb Salzburg mori p\u00ebrsip\u00ebr hetimin dhe thirri nj\u00eb ekspert t\u00eb p\u00ebrplasjes ajrore. Avokati i shtetit urdh\u00ebroi heqjen e eshtrave dhe autopsin\u00eb e trupave.<\/p>\n<p>Si\u00e7 raporton \u201cORF Salzburg\u201d, moti n\u00eb Lungau n\u00eb momentin e aksidentit konsiderohej i v\u00ebshtir\u00eb p\u00ebr fluturime, p\u00ebr shkak t\u00eb reve t\u00eb dendura dhe turbulencave t\u00eb er\u00ebs. Gjithashtu, raportohet se avioni i rr\u00ebzuar ishte i pajisur n\u00eb m\u00ebnyr\u00eb standarde me nj\u00eb parashut\u00eb emergjence, e cila aktivizohet me an\u00eb t\u00eb nj\u00eb ngarkese shp\u00ebrthyese. Megjithat\u00eb, sistemi i shp\u00ebtimit me sa duket nuk ishte aktivizuar, raporton APA.<\/p>\n\n<div style=\"font-size: 0px; height: 0px; line-height: 0px; margin: 0; padding: 0; clear: both;\"><\/div>","protected":false},"excerpt":{"rendered":"<p>Nj\u00eb aeroplan i vog\u00ebl Cirrus SR-20 q\u00eb u nis nga Zagrebi rreth or\u00ebs 14:00 p\u00ebr n\u00eb Salzburg u rr\u00ebzua rreth or\u00ebs 3:45 n\u00eb nj\u00eb pyll n\u00eb nj\u00eb&#8230; <\/p>\n","protected":false},"author":1,"featured_media":5601,"comment_status":"open","ping_status":"open","sticky":false,"template":"","format":"standard","meta":{"footnotes":""},"categories":[6],"tags":[],"class_list":["post-5578","post","type-post","status-publish","format-standard","has-post-thumbnail","hentry","category-lajme"],"_links":{"self":[{"href":"https:\/\/new.findnews5.com\/index.php?rest_route=\/wp\/v2\/posts\/5578","targetHints":{"allow":["GET"]}}],"collection":[{"href":"https:\/\/new.findnews5.com\/index.php?rest_route=\/wp\/v2\/posts"}],"about":[{"href":"https:\/\/new.findnews5.com\/index.php?rest_route=\/wp\/v2\/types\/post"}],"author":[{"embeddable":true,"href":"https:\/\/new.findnews5.com\/index.php?rest_route=\/wp\/v2\/users\/1"}],"replies":[{"embeddable":true,"href":"https:\/\/new.findnews5.com\/index.php?rest_route=%2Fwp%2Fv2%2Fcomments&post=5578"}],"version-history":[{"count":0,"href":"https:\/\/new.findnews5.com\/index.php?rest_route=\/wp\/v2\/posts\/5578\/revisions"}],"wp:featuredmedia":[{"embeddable":true,"href":"https:\/\/new.findnews5.com\/index.php?rest_route=\/wp\/v2\/media\/5601"}],"wp:attachment":[{"href":"https:\/\/new.findnews5.com\/index.php?rest_route=%2Fwp%2Fv2%2Fmedia&parent=5578"}],"wp:term":[{"taxonomy":"category","embeddable":true,"href":"https:\/\/new.findnews5.com\/index.php?rest_route=%2Fwp%2Fv2%2Fcategories&post=5578"},{"taxonomy":"post_tag","embeddable":true,"href":"https:\/\/new.findnews5.com\/index.php?rest_route=%2Fwp%2Fv2%2Ftags&post=5578"}],"curies":[{"name":"wp","href":"https:\/\/api.w.org\/{rel}","templated":true}]}}