{"id":5572,"date":"2023-11-04T09:36:56","date_gmt":"2023-11-04T09:36:56","guid":{"rendered":"https:\/\/new.findnews5.com\/?p=5572"},"modified":"2023-11-04T09:36:57","modified_gmt":"2023-11-04T09:36:57","slug":"lajm-i-shumepritur-zbulohet-kur-do-te-nise-zgjerimi-i-autostrades-tirane-durres","status":"publish","type":"post","link":"https:\/\/new.findnews5.com\/?p=5572","title":{"rendered":"Lajm i shum\u00ebpritur! Zbulohet kur do t\u00eb nis\u00eb zgjerimi i autostrad\u00ebs Tiran\u00eb \u2013 Durr\u00ebs\u2026"},"content":{"rendered":"<div class=\"78954ae5fa42b68c1393fe3da4998882\" data-index=\"1\" style=\"float: none; margin:0px 0 0px 0; text-align:center;\">\n<div data-type=\"_mgwidget\" data-widget-id=\"1576712\">\r\n<\/div>\r\n<script>(function(w,q){w[q]=w[q]||[];w[q].push([\"_mgc.load\"])})(window,\"_mgq\");\r\n<\/script>\r\n\n<\/div>\n<p>N\u00eb fillim t\u00eb vitit q\u00eb vjen do t\u00eb nis\u00eb pun\u00ebn p\u00ebr zgjerimin e autostrad\u00ebs Tiran\u00eb-Durr\u00ebs duke i dh\u00ebn\u00eb zgjidhje trafikut n\u00eb k\u00ebt\u00eb segment dhe reduktuar ndjesh\u00ebm koh\u00ebn e mb\u00ebrritjes.<\/p>\n<p>Drejtori i Autoriteti Rrugor Shqiptar, Ervis Berberi tha se paralelisht do t\u00eb nd\u00ebrhyhet edhe n\u00eb rrug\u00ebn e vjet\u00ebr t\u00eb Ndroqit, duke iu dh\u00ebn\u00eb mund\u00ebsin\u00eb qytetar\u00ebve q\u00eb t\u00eb ken\u00eb nj\u00eb alternativ\u00eb dyt\u00ebsore.<\/p>\n<p>N\u00eb projektbuxhetin p\u00ebr vitin e ardhsh\u00ebm \u00ebsht\u00eb parashikuar po ashtu nisja e faz\u00ebs s\u00eb tret\u00eb dhe t\u00eb kat\u00ebrt t\u00eb zgjerimit t\u00eb aksit Elbasan-Qaf\u00eb Than\u00eb dhe nd\u00ebrtimi i By passit t\u00eb Elbasanit. Aktualisht n\u00eb t\u00eb gjith\u00eb vendin jan\u00eb mbi 20 kantiere nd\u00ebrtimi.<\/p>\n<p>Vitin q\u00eb vjen do t\u00eb finalizohen edhe disa prej projekteve m\u00eb t\u00eb r\u00ebnd\u00ebsishme infrastrukturore, si\u00e7 \u00ebsht\u00eb ai i Unaz\u00ebs s\u00eb Madhe t\u00eb Tiran\u00ebs si edhe Tuneli i Llogaras\u00eb, i cili do t\u00eb hapet n\u00eb ver\u00ebn e vitit q\u00eb vjen. Sa i takon Rrug\u00ebs s\u00eb Arb\u00ebrit, konkretisht ecuris\u00eb s\u00eb punimeve n\u00eb Tunelin e Murrizit, e konsideruar nj\u00eb pik\u00eb nevralgjike, kreu i ARRSH-s\u00eb nuk preferoi t\u00eb jap nj\u00eb dat\u00eb p\u00ebr p\u00ebrfundimin e pun\u00ebs aty, por tha se ritmet jan\u00eb t\u00eb larta.<\/p>\n\n<div style=\"font-size: 0px; height: 0px; line-height: 0px; margin: 0; padding: 0; clear: both;\"><\/div>","protected":false},"excerpt":{"rendered":"<p>N\u00eb fillim t\u00eb vitit q\u00eb vjen do t\u00eb nis\u00eb pun\u00ebn p\u00ebr zgjerimin e autostrad\u00ebs Tiran\u00eb-Durr\u00ebs duke i dh\u00ebn\u00eb zgjidhje trafikut n\u00eb k\u00ebt\u00eb segment dhe reduktuar ndjesh\u00ebm koh\u00ebn&#8230; <\/p>\n","protected":false},"author":1,"featured_media":5573,"comment_status":"open","ping_status":"open","sticky":false,"template":"","format":"standard","meta":{"footnotes":""},"categories":[6],"tags":[],"class_list":["post-5572","post","type-post","status-publish","format-standard","has-post-thumbnail","hentry","category-lajme"],"_links":{"self":[{"href":"https:\/\/new.findnews5.com\/index.php?rest_route=\/wp\/v2\/posts\/5572","targetHints":{"allow":["GET"]}}],"collection":[{"href":"https:\/\/new.findnews5.com\/index.php?rest_route=\/wp\/v2\/posts"}],"about":[{"href":"https:\/\/new.findnews5.com\/index.php?rest_route=\/wp\/v2\/types\/post"}],"author":[{"embeddable":true,"href":"https:\/\/new.findnews5.com\/index.php?rest_route=\/wp\/v2\/users\/1"}],"replies":[{"embeddable":true,"href":"https:\/\/new.findnews5.com\/index.php?rest_route=%2Fwp%2Fv2%2Fcomments&post=5572"}],"version-history":[{"count":0,"href":"https:\/\/new.findnews5.com\/index.php?rest_route=\/wp\/v2\/posts\/5572\/revisions"}],"wp:featuredmedia":[{"embeddable":true,"href":"https:\/\/new.findnews5.com\/index.php?rest_route=\/wp\/v2\/media\/5573"}],"wp:attachment":[{"href":"https:\/\/new.findnews5.com\/index.php?rest_route=%2Fwp%2Fv2%2Fmedia&parent=5572"}],"wp:term":[{"taxonomy":"category","embeddable":true,"href":"https:\/\/new.findnews5.com\/index.php?rest_route=%2Fwp%2Fv2%2Fcategories&post=5572"},{"taxonomy":"post_tag","embeddable":true,"href":"https:\/\/new.findnews5.com\/index.php?rest_route=%2Fwp%2Fv2%2Ftags&post=5572"}],"curies":[{"name":"wp","href":"https:\/\/api.w.org\/{rel}","templated":true}]}}