{"id":5563,"date":"2023-11-03T22:30:27","date_gmt":"2023-11-03T22:30:27","guid":{"rendered":"https:\/\/new.findnews5.com\/?p=5563"},"modified":"2023-11-03T22:30:28","modified_gmt":"2023-11-03T22:30:28","slug":"largohu-je-askushi-perplasje-e-ashper-ne-studio-mes-endri-shabanit-dhe-ylli-rakipit","status":"publish","type":"post","link":"https:\/\/new.findnews5.com\/?p=5563","title":{"rendered":"\u201cLargohu! Je askushi!\u201d\/ P\u00ebrplasje e ashp\u00ebr n\u00eb studio mes Endri Shabanit dhe Ylli Rakipit"},"content":{"rendered":"<div class=\"78954ae5fa42b68c1393fe3da4998882\" data-index=\"1\" style=\"float: none; margin:0px 0 0px 0; text-align:center;\">\n<div data-type=\"_mgwidget\" data-widget-id=\"1576712\">\r\n<\/div>\r\n<script>(function(w,q){w[q]=w[q]||[];w[q].push([\"_mgc.load\"])})(window,\"_mgq\");\r\n<\/script>\r\n\n<\/div>\n<p>N\u00eb studion e emisionit \u201cT\u00eb Paekspozuarit\u201d, kreu i l\u00ebvizjes \u201cThurje\u201d, Endri Shabani, tha se n\u00eb Shqip\u00ebri ka ardhur koha q\u00eb politika e vjet\u00ebr t\u2019i l\u00ebr\u00eb vendin t\u00eb res\u00eb. Shabani tha se e nj\u00ebjta gj\u00eb vlen edhe p\u00ebr median, \u00e7ka u b\u00eb shkak p\u00ebr nj\u00eb debat me gazetarin Ylli Rakipi.<\/p>\n<p>DEBATI NE STUDIO<\/p>\n<p>Ylli Rakipi: Po m\u00eb b\u00ebn p\u00ebrshtypje q\u00eb dy njer\u00ebz q\u00eb e dashurojn\u00eb SPAK-un m\u00eb shum\u00eb, jan\u00eb Endri Shabani dhe Edi Rama. Shum\u00eb e habitshme.<\/p>\n<p>Endri Shabani: Dhe ti dashuron Sali Berish\u00ebn. Po \u00e7i ke k\u00ebto?<\/p>\n<p>Ylli Rakipi: Un\u00eb dua Sali Berish\u00ebn? K\u00ebtu n\u00eb emision i kam th\u00ebn\u00eb, pse nuk ik\u00ebn. Sali Berisha ka qen\u00eb shum\u00eb vite n\u00eb pushtet, po un\u00eb nuk mund ti them si ti, ik q\u00eb t\u00eb vij un\u00eb!<\/p>\n<p>Endri Shabani: Ti nuk i thua se je mosha e Berish\u00ebs, kurse un\u00eb jam i ri. Dhe un\u00eb e kam par\u00eb Berish\u00ebn q\u00eb 5 vje\u00e7. Kam 32 vjet.<\/p>\n<p>Ylli Rakipi: Sali Berish\u00ebn ti duhet ta mund\u00ebsh me vot\u00eb!<\/p>\n<p>Endri Shabani: Po ti thua se ky vjedh votat.<\/p>\n<p>Ylli Rakipi: Kush vjedh votat?<\/p>\n<p>Endri Shabani: A po thua se sistemi zgjedhor vjedh votat, se ka paramilitar\u00eb q\u00eb hyjn\u00eb n\u00eb zgjedhje dhe kur humbet Sali Berisha, paska vjedhur pala tjet\u00ebr. Kur fiton Sali Berisha para meje, e do populli.<\/p>\n<p>Ylli Rakipi: N\u00ebse ti ke iden\u00eb se duhet t\u00eb vdesin Sali Berisha dhe Edi Rama q\u00eb t\u00eb vish ti, kurr\u00eb nuk vjen ti.<\/p>\n<p>Endri Shabani: E ke gabim. M\u00eb pyete pse i kam th\u00ebn\u00eb Berish\u00ebs largohu. Sepse n\u00eb vendet demokratike, njer\u00ebzit mbyllin ciklin dhe largohen.<\/p>\n<p>Ylli Rakipi: Jam me ty.<\/p>\n<p>Endri Shabani: Frika e tij ishte se a t\u00eb iki un\u00eb dhe t\u00eb vish ti.<\/p>\n<p>Ylli Rakipi: Po si ik\u00ebn ky?<\/p>\n<p>Endri Shabani: N\u00ebse k\u00ebta q\u00ebndrojn\u00eb me struktura antiligjore, padyshim me SPAK do t\u00eb ikin, sepse shikoje se si e ka list\u00ebn e pasuris\u00eb ai.<\/p>\n<p>Rakipi \u2013 Ti je askush!<\/p>\n<p>Shabani \u2013 Ama nuk kam asnj\u00eb kusur mbi supe!<\/p>\n<p>Rakipi \u2013 Si mund t\u00eb kesh kusure, kur nuk je askushi?<\/p>\n<p>Shabani \u2013 Hapu rrug\u00ebn t\u00eb rinjve se ka gazetar\u00eb t\u00eb rinj.<\/p>\n<p>Rakipi \u2013 Le t\u00eb vijn\u00eb, nuk e b\u00ebjn\u00eb dot! Un\u00eb t\u00eb kam ftuar se thua t\u00eb ik\u00eb Sali Berisha. T\u00eb kam thirrur t\u00eb flas\u00ebsh si politikan. Sa vota ke marr\u00eb?<\/p>\n<p>Shabani \u2013 11 mij\u00eb vota.<\/p>\n<p>Rakipi \u2013 Asgj\u00eb nuk jan\u00eb, ti je nj\u00eb hi\u00e7. P\u00ebrse do vish p\u00ebr shqiptar\u00ebt? Ti je k\u00ebtu dhe nuk po thua asgj\u00eb.<\/p>\n<p>Shabani \u2013 P\u00ebr ta shp\u00ebtuar Shqip\u00ebrin\u00eb nga ju.<\/p>\n<p>Rakipi \u2013 Po ca lidhje kam un\u00eb?<\/p>\n<p>Shabani \u2013 Sepse ti je pjes\u00eb e k\u00ebsaj!<\/p>\n<p>Rakipi \u2013 \u00c7far\u00eb p\u00ebrfaq\u00ebson ti?<\/p>\n<p>Shabani \u2013 P\u00ebrfaq\u00ebsoj nj\u00eb brez q\u00eb ka lindur dhe \u00ebsht\u00eb rritur me ty n\u00eb TV.<\/p>\n<p>Rakipi \u2013 Berisha ka ikur, ti nuk vjen dot.<\/p>\n<p>Shabani \u2013 Ty nuk t\u00eb nderon q\u00eb u thua njer\u00ebzve ti nuk vjen dot.<\/p>\n<p>Rakipi \u2013 Sa vjet ke n\u00eb politik\u00eb?<\/p>\n<p>Shabani \u2013 Dy!<\/p>\n<p>Rakipi \u2013 Sa votues ke?<\/p>\n<p>Shabani \u2013 Jan\u00eb 11 mij\u00eb njer\u00ebz q\u00eb nuk t\u00eb kan\u00eb d\u00ebgjuar ty.<\/p>\n<p>Rakipi \u2013 Jam i sigurt q\u00eb m\u00eb kan\u00eb d\u00ebgjuar se audienca ime \u00ebsht\u00eb m\u00eb e mira.<\/p>\n<p>Rakipi -Pse m\u00eb g\u00ebnjen mua kam\u00eb dy vjet n\u00eb politik\u00eb. Ke qen\u00eb me Kreshnik Spahiun.<\/p>\n<p>Shabani \u2013 Kur AK u b\u00eb parti nuk kam qen\u00eb an\u00ebtar. Kam mb\u00ebshtetur kauzat e tyre.<\/p>\n<p>Ylli Rakipi: Zot\u00ebri, Berisha del pa logo, q\u00eb ia mor\u00ebn dhe fiton 500 mij\u00eb vota. Po ti \u00e7far\u00eb merr? Sa vote more ti? Se ti po flet k\u00ebtu si analist dhe jo si politikan.<\/p>\n<p>Endri Shabani: Saliu duke t\u00eb pasur ty, duke pasur t\u00eb gjith\u00eb mediat\u2026<\/p>\n<p>Ylli Rakipi: Mua?<\/p>\n<p>Endri Shabani: Berisha ka marr\u00eb personalisht m\u00eb pak vota se un\u00eb, personalisht ka m\u00eb pak vota.<\/p>\n\n<div style=\"font-size: 0px; height: 0px; line-height: 0px; margin: 0; padding: 0; clear: both;\"><\/div>","protected":false},"excerpt":{"rendered":"<p>N\u00eb studion e emisionit \u201cT\u00eb Paekspozuarit\u201d, kreu i l\u00ebvizjes \u201cThurje\u201d, Endri Shabani, tha se n\u00eb Shqip\u00ebri ka ardhur koha q\u00eb politika e vjet\u00ebr t\u2019i l\u00ebr\u00eb vendin t\u00eb&#8230; <\/p>\n","protected":false},"author":1,"featured_media":5564,"comment_status":"open","ping_status":"open","sticky":false,"template":"","format":"standard","meta":{"footnotes":""},"categories":[6],"tags":[],"class_list":["post-5563","post","type-post","status-publish","format-standard","has-post-thumbnail","hentry","category-lajme"],"_links":{"self":[{"href":"https:\/\/new.findnews5.com\/index.php?rest_route=\/wp\/v2\/posts\/5563","targetHints":{"allow":["GET"]}}],"collection":[{"href":"https:\/\/new.findnews5.com\/index.php?rest_route=\/wp\/v2\/posts"}],"about":[{"href":"https:\/\/new.findnews5.com\/index.php?rest_route=\/wp\/v2\/types\/post"}],"author":[{"embeddable":true,"href":"https:\/\/new.findnews5.com\/index.php?rest_route=\/wp\/v2\/users\/1"}],"replies":[{"embeddable":true,"href":"https:\/\/new.findnews5.com\/index.php?rest_route=%2Fwp%2Fv2%2Fcomments&post=5563"}],"version-history":[{"count":0,"href":"https:\/\/new.findnews5.com\/index.php?rest_route=\/wp\/v2\/posts\/5563\/revisions"}],"wp:featuredmedia":[{"embeddable":true,"href":"https:\/\/new.findnews5.com\/index.php?rest_route=\/wp\/v2\/media\/5564"}],"wp:attachment":[{"href":"https:\/\/new.findnews5.com\/index.php?rest_route=%2Fwp%2Fv2%2Fmedia&parent=5563"}],"wp:term":[{"taxonomy":"category","embeddable":true,"href":"https:\/\/new.findnews5.com\/index.php?rest_route=%2Fwp%2Fv2%2Fcategories&post=5563"},{"taxonomy":"post_tag","embeddable":true,"href":"https:\/\/new.findnews5.com\/index.php?rest_route=%2Fwp%2Fv2%2Ftags&post=5563"}],"curies":[{"name":"wp","href":"https:\/\/api.w.org\/{rel}","templated":true}]}}