{"id":5557,"date":"2023-11-03T22:23:53","date_gmt":"2023-11-03T22:23:53","guid":{"rendered":"https:\/\/new.findnews5.com\/?p=5557"},"modified":"2023-11-03T22:23:54","modified_gmt":"2023-11-03T22:23:54","slug":"afaristi-lulzim-kryeziu-ka-lene-nje-leter-para-se-te-kryente-vetevrasje","status":"publish","type":"post","link":"https:\/\/new.findnews5.com\/?p=5557","title":{"rendered":"Afaristi Lulzim Kryeziu ka l\u00ebn\u00eb nj\u00eb let\u00ebr para se t\u00eb kryente vet\u00ebvrasje"},"content":{"rendered":"<div class=\"78954ae5fa42b68c1393fe3da4998882\" data-index=\"1\" style=\"float: none; margin:0px 0 0px 0; text-align:center;\">\n<div data-type=\"_mgwidget\" data-widget-id=\"1576712\">\r\n<\/div>\r\n<script>(function(w,q){w[q]=w[q]||[];w[q].push([\"_mgc.load\"])})(window,\"_mgq\");\r\n<\/script>\r\n\n<\/div>\n<p>Sot n\u00eb fshatin Mleqan t\u00eb Malishev\u00ebs \u00ebsht\u00eb gjetur i varur afaristi Lulzim Kryeziu. Paparaci.com ka raportuar  p\u00ebr rastin n\u00ebn dyshimet se i nj\u00ebjti ka kryer vet\u00ebvrasje. Paparaci.com gjithashtu ka m\u00ebsuar se Kryeziu ka l\u00ebn\u00eb nj\u00eb let\u00ebr p\u00ebrpara se t\u00eb kryente aktin e vet\u00ebvrasjes.<\/p>\n<p>Kryeziu, i cili dyshohet se i dha fund jet\u00ebs n\u00eb nj\u00eb nga bizneset e tij n\u00eb fshatin Mleqan t\u00eb Malishev\u00ebs ka l\u00ebn\u00eb nj\u00eb let\u00ebr t\u00eb shkruar t\u00eb vet\u00ebvrasjes e cila tashm\u00eb \u00ebsht\u00eb n\u00eb duart e Prokuroris\u00eb dhe nuk dihet p\u00ebrmbajtja e saj ka marr\u00eb vesh Paparaci.com.<\/p>\n<p>Sipas versionit zyrtar t\u00eb Prokuroris\u00eb, rasti \u00ebsht\u00eb iniciuar si \u201chetim i vdekjes\u201d. N\u00eb nj\u00eb p\u00ebrgjigje p\u00ebr Paparaci.com, Prokuroria kan\u00eb deklaruar se: \u201cSot rreth or\u00ebs 15:20 kemi pranuar informat\u00eb se n\u00eb fshatin Mleqan-Malishev\u00eb, viktima mashkull i mosh\u00ebs madhore \u00ebsht\u00eb gjetur i varur n\u00eb nj\u00eb objekt biznesi familjar\u201d, duke njoftuar se trupi i pajet\u00eb i afaristit \u00ebsht\u00eb d\u00ebrguar n\u00eb IML p\u00ebr obduksion.<\/p>\n\n<div style=\"font-size: 0px; height: 0px; line-height: 0px; margin: 0; padding: 0; clear: both;\"><\/div>","protected":false},"excerpt":{"rendered":"<p>Sot n\u00eb fshatin Mleqan t\u00eb Malishev\u00ebs \u00ebsht\u00eb gjetur i varur afaristi Lulzim Kryeziu. Paparaci.com ka raportuar p\u00ebr rastin n\u00ebn dyshimet se i nj\u00ebjti ka kryer vet\u00ebvrasje. Paparaci.com&#8230; <\/p>\n","protected":false},"author":1,"featured_media":5558,"comment_status":"open","ping_status":"open","sticky":false,"template":"","format":"standard","meta":{"footnotes":""},"categories":[6],"tags":[],"class_list":["post-5557","post","type-post","status-publish","format-standard","has-post-thumbnail","hentry","category-lajme"],"_links":{"self":[{"href":"https:\/\/new.findnews5.com\/index.php?rest_route=\/wp\/v2\/posts\/5557","targetHints":{"allow":["GET"]}}],"collection":[{"href":"https:\/\/new.findnews5.com\/index.php?rest_route=\/wp\/v2\/posts"}],"about":[{"href":"https:\/\/new.findnews5.com\/index.php?rest_route=\/wp\/v2\/types\/post"}],"author":[{"embeddable":true,"href":"https:\/\/new.findnews5.com\/index.php?rest_route=\/wp\/v2\/users\/1"}],"replies":[{"embeddable":true,"href":"https:\/\/new.findnews5.com\/index.php?rest_route=%2Fwp%2Fv2%2Fcomments&post=5557"}],"version-history":[{"count":0,"href":"https:\/\/new.findnews5.com\/index.php?rest_route=\/wp\/v2\/posts\/5557\/revisions"}],"wp:featuredmedia":[{"embeddable":true,"href":"https:\/\/new.findnews5.com\/index.php?rest_route=\/wp\/v2\/media\/5558"}],"wp:attachment":[{"href":"https:\/\/new.findnews5.com\/index.php?rest_route=%2Fwp%2Fv2%2Fmedia&parent=5557"}],"wp:term":[{"taxonomy":"category","embeddable":true,"href":"https:\/\/new.findnews5.com\/index.php?rest_route=%2Fwp%2Fv2%2Fcategories&post=5557"},{"taxonomy":"post_tag","embeddable":true,"href":"https:\/\/new.findnews5.com\/index.php?rest_route=%2Fwp%2Fv2%2Ftags&post=5557"}],"curies":[{"name":"wp","href":"https:\/\/api.w.org\/{rel}","templated":true}]}}