{"id":5540,"date":"2023-11-03T17:51:24","date_gmt":"2023-11-03T17:51:24","guid":{"rendered":"https:\/\/new.findnews5.com\/?p=5540"},"modified":"2023-11-03T17:51:25","modified_gmt":"2023-11-03T17:51:25","slug":"goditjet-e-spak-ut-rama-nuk-ka-me-te-privilegjuar-kush-nuk-ia-ka-mbathur-jashte-shtetit-do-perfundoje-ne-burg","status":"publish","type":"post","link":"https:\/\/new.findnews5.com\/?p=5540","title":{"rendered":"Goditjet e SPAK-ut\/ Rama: Nuk ka m\u00eb t\u00eb privilegjuar. Kush nuk ia ka mbathur jasht\u00eb shtetit, do p\u00ebrfundoj\u00eb n\u00eb burg!"},"content":{"rendered":"<div class=\"78954ae5fa42b68c1393fe3da4998882\" data-index=\"1\" style=\"float: none; margin:0px 0 0px 0; text-align:center;\">\n<div data-type=\"_mgwidget\" data-widget-id=\"1576712\">\r\n<\/div>\r\n<script>(function(w,q){w[q]=w[q]||[];w[q].push([\"_mgc.load\"])})(window,\"_mgq\");\r\n<\/script>\r\n\n<\/div>\n<p>Kryeministri Edi Rama gjat\u00eb fjal\u00ebs s\u00eb tij n\u00eb mbledhjen e asambles\u00eb s\u00eb zgjeruar t\u00eb PS-s\u00eb n\u00eb Fier, foli p\u00ebr Reform\u00ebn n\u00eb Drejt\u00ebsi.<\/p>\n<p>Sipas Ram\u00ebs, Partia Socialiste \u00ebsht\u00eb ajo q\u00eb e nd\u00ebrmori nism\u00ebn e krijimit t\u00eb Reform\u00ebs n\u00eb Drejt\u00ebsi dhe pati mb\u00ebshtetje nga SHBA-t\u00eb dhe partner\u00ebt strategjik\u00eb.<\/p>\n<p>Ai tha se drejt\u00ebsia e re do t\u00eb godas\u00eb duke i dh\u00ebn\u00eb fund t\u00eb privilegjuarve, t\u00eb gjith\u00eb personazhet e bot\u00ebs s\u00eb krimit n\u00eb Shqip\u00ebri. Kryeministri u shpreh se t\u00eb gjith\u00eb ata q\u00eb nuk ia kan\u00eb mbathur jasht\u00eb shtetit nga frika, do t\u00eb p\u00ebrfundojn\u00eb n\u00eb burg, si ata q\u00eb ndodhen aktualisht pas hekurave dhe sh\u00ebrbejn\u00eb si \u201cprov\u00eb e gjall\u00eb\u201d p\u00ebr fundin e epok\u00ebs s\u00eb t\u00eb paprekshm\u00ebve.<\/p>\n<p>\u201c\u00c7far\u00eb keni par\u00eb n\u00eb periudh\u00ebn e fundit me arrestime figurash profilesh t\u00eb larta, \u00ebsht\u00eb vet\u00ebm fillimi i fundit. Dometh\u00ebn\u00eb ka filluar fundi i pozicionit t\u00eb privilegjuar. Do t\u00eb jet\u00eb shum\u00eb e af\u00ebrt koha kur t\u00eb gjitha k\u00ebto vatra do t\u00eb shuhen. Dhe t\u00eb gjith\u00eb ata q\u00eb i p\u00ebrkasin asaj bote dhe do t\u00eb ken\u00eb kuraj\u00ebn t\u00eb rrin\u00eb n\u00eb Shqip\u00ebri, se nj\u00eb pjes\u00eb ia kan\u00eb mbathur, do t\u00eb p\u00ebrfundojn\u00eb aty ku kan\u00eb shkuar ata q\u00eb jan\u00eb provat e para t\u00eb gjalla, se s\u2019ka asnj\u00eb kompromis me krimin. K\u00ebt\u00eb luft\u00eb do ta fitoj\u00eb shteti, normalisht nuk ka shtet pa krim dhe krim t\u00eb organizuar, por ama, nj\u00eb epok\u00eb e gjat\u00eb t\u00eb fort\u00ebsh me statuse speciale me bot\u00ebn e krimit t\u00eb organizuar do t\u00eb mbyllet. N\u00ebse krimit t\u00eb organizuar dhe krimi i organizuar si bota e n\u00ebndheshme, ata do t\u00eb ken\u00eb bishtat e tyre, por jo m\u00eb mbi dhe, n\u00ebn dhe! Mbitoka e Shqip\u00ebris\u00eb do t\u00eb jet\u00eb e qytetar\u00ebve shqiptar\u00eb, pastaj lufta me krimin e organizuar do t\u00eb b\u00ebhet me minjt\u00eb e n\u00ebntok\u00ebs. Sa i p\u00ebrket luft\u00ebs kund\u00ebr korrupsionit nuk dua t\u00eb them t\u00eb nj\u00ebjtat gj\u00ebra. K\u00ebtu ka dy pozicione, drejt\u00ebsin\u00eb e re e solli Amerika, tjetri pozicion \u00ebsht\u00eb s\u2019ka drejt\u00ebsi t\u00eb re por ka nj\u00eb SPAK q\u00eb po na kap se e ka kapur Edi Rama. T\u00eb dyja k\u00ebto jan\u00eb t\u00eb pav\u00ebrteta. Para ca dit\u00ebsh po bisedoja me Fatmir Xhaf\u00ebn, q\u00eb p\u00ebr nj\u00eb koh\u00eb shum\u00eb t\u00eb gjat\u00eb ka qen\u00eb n\u00eb tryezat ku \u00ebsht\u00eb diskutuar \u00e7\u00ebshtja e drejt\u00ebsis\u00eb s\u00eb re. Dhe m\u00eb kujtoi q\u00eb ne k\u00ebt\u00eb q\u00eb b\u00ebm\u00eb dhe po vazhdojm\u00eb t\u00eb b\u00ebjm\u00eb, e kemi nisur jo kur un\u00eb, por shum\u00eb koh\u00eb m\u00eb par\u00eb kur n\u00eb opozit\u00eb ne i kemi propozuar qeveris\u00eb s\u00eb asaj kohe nj\u00eb pakt komb\u00ebtar p\u00ebr drejt\u00ebsin\u00eb. Ka qen\u00eb dokument i propozuar nga PS n\u00eb 2008. N\u00eb 2009 nuk arrit\u00ebm dot t\u00eb marrim fitoren, na b\u00ebri mir\u00eb ajo se pastaj u m\u00ebsuam q\u00eb t\u00eb fitojm\u00eb dhe vet\u00ebm t\u00eb fitojm\u00eb. Dhe pastaj ne kemi shkruar programin p\u00ebr nj\u00eb rilindje shqiptare, dhe e kemi n\u00eb program. Nuk \u00ebsht\u00eb Amerika q\u00eb b\u00ebri Reform\u00ebn n\u00eb Drejt\u00ebsi. \u00cbsht\u00eb PS q\u00eb e b\u00ebri dhe gjeti nj\u00eb mb\u00ebshtetje masive t\u00eb aleat\u00ebve strategjik\u00eb. Reforma nuk b\u00ebhej dot pa mb\u00ebshtetjen e tyre. Por tjet\u00ebr \u00ebsht\u00eb ta udh\u00ebheq\u00ebsh reform\u00ebn dhe tjet\u00ebr gj\u00eb ta mb\u00ebshtes\u00ebsh.<br \/>\nNe sado t\u00eb zot\u00eb t\u00eb ishim do e kishim t\u00eb pamundur t\u00eb sillnim n\u00eb sall\u00ebn e Kuvendit gjith\u00eb ata kreshnik\u00eb q\u00eb do I hapnin rrug\u00eb Amerik\u00ebs po nuk do e votonin reform\u00ebn n\u00eb drejt\u00ebsi q\u00eb mbanin kok\u00ebn posht\u00eb sikur u ishin ujitur pak pantallonat.<br \/>\nPo kaq e pav\u00ebrtet\u00eb \u00ebsht\u00eb q\u00eb e kemi kapur ne drejt\u00ebsin\u00eb. Nj\u00eb qeveri, nj\u00eb kryeminist\u00ebr q\u00eb do t\u00eb kap\u00eb drejt\u00ebsin\u00eb, do e b\u00ebnte q\u00eb mos t\u2019i kapnin ask\u00ebnd. Kjo reform\u00eb n\u00eb drejt\u00ebsi ka filluar por do t\u00eb mbetet n\u00eb vijim\u00ebsi p\u00ebr t\u00eb gjith\u00eb, sepse \u00ebsht\u00eb e pakthyeshme. Jo t\u00eb gjitha gj\u00ebrat jan\u00eb perfekte, por kjo \u00ebsht\u00eb rruga. Vizioni mund t\u00eb jet\u00eb i plot\u00eb dhe q\u00ebllimi I ndersh\u00ebm por kjo \u00ebsht\u00eb nj\u00eb rrug\u00eb ku nuk je vet\u00ebm. Ka rr\u00ebzime, ka ringritje dhe e nj\u00ebjta gj\u00eb vlen dhe p\u00ebr drejt\u00ebsin\u00eb.\u201d, tha Rama.\/K.C\/dritare.net<\/p>\n\n<div style=\"font-size: 0px; height: 0px; line-height: 0px; margin: 0; padding: 0; clear: both;\"><\/div>","protected":false},"excerpt":{"rendered":"<p>Kryeministri Edi Rama gjat\u00eb fjal\u00ebs s\u00eb tij n\u00eb mbledhjen e asambles\u00eb s\u00eb zgjeruar t\u00eb PS-s\u00eb n\u00eb Fier, foli p\u00ebr Reform\u00ebn n\u00eb Drejt\u00ebsi. Sipas Ram\u00ebs, Partia Socialiste \u00ebsht\u00eb&#8230; <\/p>\n","protected":false},"author":1,"featured_media":5541,"comment_status":"open","ping_status":"open","sticky":false,"template":"","format":"standard","meta":{"footnotes":""},"categories":[6],"tags":[],"class_list":["post-5540","post","type-post","status-publish","format-standard","has-post-thumbnail","hentry","category-lajme"],"_links":{"self":[{"href":"https:\/\/new.findnews5.com\/index.php?rest_route=\/wp\/v2\/posts\/5540","targetHints":{"allow":["GET"]}}],"collection":[{"href":"https:\/\/new.findnews5.com\/index.php?rest_route=\/wp\/v2\/posts"}],"about":[{"href":"https:\/\/new.findnews5.com\/index.php?rest_route=\/wp\/v2\/types\/post"}],"author":[{"embeddable":true,"href":"https:\/\/new.findnews5.com\/index.php?rest_route=\/wp\/v2\/users\/1"}],"replies":[{"embeddable":true,"href":"https:\/\/new.findnews5.com\/index.php?rest_route=%2Fwp%2Fv2%2Fcomments&post=5540"}],"version-history":[{"count":0,"href":"https:\/\/new.findnews5.com\/index.php?rest_route=\/wp\/v2\/posts\/5540\/revisions"}],"wp:featuredmedia":[{"embeddable":true,"href":"https:\/\/new.findnews5.com\/index.php?rest_route=\/wp\/v2\/media\/5541"}],"wp:attachment":[{"href":"https:\/\/new.findnews5.com\/index.php?rest_route=%2Fwp%2Fv2%2Fmedia&parent=5540"}],"wp:term":[{"taxonomy":"category","embeddable":true,"href":"https:\/\/new.findnews5.com\/index.php?rest_route=%2Fwp%2Fv2%2Fcategories&post=5540"},{"taxonomy":"post_tag","embeddable":true,"href":"https:\/\/new.findnews5.com\/index.php?rest_route=%2Fwp%2Fv2%2Ftags&post=5540"}],"curies":[{"name":"wp","href":"https:\/\/api.w.org\/{rel}","templated":true}]}}