{"id":5119,"date":"2023-10-24T14:45:11","date_gmt":"2023-10-24T14:45:11","guid":{"rendered":"https:\/\/new.findnews5.com\/?p=5119"},"modified":"2023-10-24T14:45:12","modified_gmt":"2023-10-24T14:45:12","slug":"gjokutaj-dikur-prokuror-ne-gjyqin-ndaj-fatos-nanos-sot-avokat-mbrojtes-i-berishes","status":"publish","type":"post","link":"https:\/\/new.findnews5.com\/?p=5119","title":{"rendered":"Gjokutaj dikur prokuror n\u00eb gjyqin ndaj Fatos Nanos, sot avokat mbrojt\u00ebs i Berish\u00ebs!"},"content":{"rendered":"<div class=\"78954ae5fa42b68c1393fe3da4998882\" data-index=\"1\" style=\"float: none; margin:0px 0 0px 0; text-align:center;\">\n<div data-type=\"_mgwidget\" data-widget-id=\"1576712\">\r\n<\/div>\r\n<script>(function(w,q){w[q]=w[q]||[];w[q].push([\"_mgc.load\"])})(window,\"_mgq\");\r\n<\/script>\r\n\n<\/div>\n<p>Sali Berisha ka refuzuar t\u00eb paraqitet n\u00eb seanc\u00ebn plenare n\u00eb GJKKO p\u00ebr \u00e7\u00ebshtjen e privatizimit t\u00eb ish-kompleksit Partizani, por \u00ebsht\u00eb p\u00ebrfaq\u00ebsuar nga avokati i tij Genc Gjokutaj. Avokati mbrojt\u00ebs i Berish\u00ebs ka qen\u00eb prokuror n\u00eb gjyqin ndaj Fatos Nanos n\u00eb vitin 1993. Ish-kryeministri Fatos Nano u arrestua n\u00eb 1993 n\u00ebn akuz\u00ebn e shp\u00ebrdorimit t\u00eb detyr\u00ebs dhe kreu 4 vite burg.<\/p>\n<p>Sot Gjokutaj nuk \u00ebsht\u00eb pjes\u00eb e togave t\u00eb zeza, por ndryshe nga viti 1993 po b\u00ebn mbrojtjen e Sali Berish\u00ebs me t\u00eb cilin si\u00e7 \u00ebsht\u00eb shprehur n\u00eb nj\u00eb intervist\u00eb n\u00eb vitin 2017 ka komunikuar me shkresa pasi ai i kishte k\u00ebrkuar nj\u00eb relacion shpjegues p\u00ebr \u00e7\u00ebshtjen e Nanos.<\/p>\n<p>Genc Gjokutaj ka b\u00ebr\u00eb m\u00eb her\u00ebt edhe avokatin mbrojt\u00ebs t\u00eb Ilir Met\u00ebs p\u00ebr \u00e7\u00ebshtjen e dosjes \u2018I.M\u2019. N\u00eb dosjen e publikuar nga Auteriteti i Dosjeve ku u b\u00eb publik identiteti i nj\u00eb spiuni t\u00eb ish-sigurimit t\u00eb shtetit, u p\u00ebrfol se ishte ish-presidenti Ilir Meta.\/F.M\/dritare.net<\/p>\n\n<div style=\"font-size: 0px; height: 0px; line-height: 0px; margin: 0; padding: 0; clear: both;\"><\/div>","protected":false},"excerpt":{"rendered":"<p>Sali Berisha ka refuzuar t\u00eb paraqitet n\u00eb seanc\u00ebn plenare n\u00eb GJKKO p\u00ebr \u00e7\u00ebshtjen e privatizimit t\u00eb ish-kompleksit Partizani, por \u00ebsht\u00eb p\u00ebrfaq\u00ebsuar nga avokati i tij Genc Gjokutaj&#8230;. <\/p>\n","protected":false},"author":1,"featured_media":5120,"comment_status":"open","ping_status":"open","sticky":false,"template":"","format":"standard","meta":{"footnotes":""},"categories":[6],"tags":[],"class_list":["post-5119","post","type-post","status-publish","format-standard","has-post-thumbnail","hentry","category-lajme"],"_links":{"self":[{"href":"https:\/\/new.findnews5.com\/index.php?rest_route=\/wp\/v2\/posts\/5119","targetHints":{"allow":["GET"]}}],"collection":[{"href":"https:\/\/new.findnews5.com\/index.php?rest_route=\/wp\/v2\/posts"}],"about":[{"href":"https:\/\/new.findnews5.com\/index.php?rest_route=\/wp\/v2\/types\/post"}],"author":[{"embeddable":true,"href":"https:\/\/new.findnews5.com\/index.php?rest_route=\/wp\/v2\/users\/1"}],"replies":[{"embeddable":true,"href":"https:\/\/new.findnews5.com\/index.php?rest_route=%2Fwp%2Fv2%2Fcomments&post=5119"}],"version-history":[{"count":0,"href":"https:\/\/new.findnews5.com\/index.php?rest_route=\/wp\/v2\/posts\/5119\/revisions"}],"wp:featuredmedia":[{"embeddable":true,"href":"https:\/\/new.findnews5.com\/index.php?rest_route=\/wp\/v2\/media\/5120"}],"wp:attachment":[{"href":"https:\/\/new.findnews5.com\/index.php?rest_route=%2Fwp%2Fv2%2Fmedia&parent=5119"}],"wp:term":[{"taxonomy":"category","embeddable":true,"href":"https:\/\/new.findnews5.com\/index.php?rest_route=%2Fwp%2Fv2%2Fcategories&post=5119"},{"taxonomy":"post_tag","embeddable":true,"href":"https:\/\/new.findnews5.com\/index.php?rest_route=%2Fwp%2Fv2%2Ftags&post=5119"}],"curies":[{"name":"wp","href":"https:\/\/api.w.org\/{rel}","templated":true}]}}