{"id":5113,"date":"2023-10-24T08:20:53","date_gmt":"2023-10-24T08:20:53","guid":{"rendered":"https:\/\/new.findnews5.com\/?p=5113"},"modified":"2023-10-24T08:20:54","modified_gmt":"2023-10-24T08:20:54","slug":"kush-e-fundosi-dhendrin-e-berishes-gazetarja-tregon-gjeneralin-qe-doli-nga-rreshti-dhe-foli-ne-spak","status":"publish","type":"post","link":"https:\/\/new.findnews5.com\/?p=5113","title":{"rendered":"Kush e fundosi dh\u00ebndrin e Berish\u00ebs? Gazetarja tregon gjeneralin q\u00eb \u201cdoli nga rreshti\u201d dhe foli n\u00eb SPAK"},"content":{"rendered":"<div class=\"78954ae5fa42b68c1393fe3da4998882\" data-index=\"1\" style=\"float: none; margin:0px 0 0px 0; text-align:center;\">\n<div data-type=\"_mgwidget\" data-widget-id=\"1576712\">\r\n<\/div>\r\n<script>(function(w,q){w[q]=w[q]||[];w[q].push([\"_mgc.load\"])})(window,\"_mgq\");\r\n<\/script>\r\n\n<\/div>\n<p>Ish-kryeministri Sali Berisha \u00ebsht\u00eb politikani m\u00eb i lart\u00eb q\u00eb \u00ebsht\u00eb marr\u00eb i pandehur nga Prokuroria e Posa\u00e7me.<\/p>\n<p>Nd\u00ebrkoh\u00eb, GJKKO vendosi sot t\u00eb l\u00ebr\u00eb n\u00eb burg Jamarb\u00ebr Malltezin p\u00ebr kompleksin \u201cPartizani\u201d.<\/p>\n<p>Por kush e fundosi Malltezin? E pyetur se cila mund t\u00eb konsiderohet si pjesa e denoncimit apo d\u00ebshmis\u00eb n\u00eb SPAK q\u00eb \u2018fundosi\u2019 dh\u00ebndrin e ish-kryeministrit, gazetarja Anila Hoxha tregoi p\u00ebr \u201cTop Story\u201d rastin e nj\u00eb ushtaraku q\u00eb \u201cdoli nga rreshti\u201d dhe foli hapur n\u00eb SPAK.<\/p>\n<p>Duma: Kush mund t\u00eb konsiderohet si pjesa e denoncimit apo d\u00ebshmis\u00eb n\u00eb SPAK q\u00eb \u2018fundosi\u2019 Jamarb\u00ebr Malltezin?<\/p>\n<p>Hoxha: N\u00ebse lexohet vendimi prej 199 faktesh t\u00eb krijohet ideja se ishin ish-pronar\u00ebt ata q\u00eb po kryenin nj\u00eb shkelje. Por n\u00ebse vazhdon dhe ndjek logjik\u00ebn e asaj q\u00eb SPAK ka servirur, gjithmon\u00eb referuar mas\u00ebs s\u00eb siguris\u00eb sepse provat dhe faktet nuk jan\u00eb b\u00ebr\u00eb ende publike, kuptohet d\u00ebshmia e nj\u00eb gjenerali t\u00eb lart\u00eb i cili ka qen\u00eb i drejtp\u00ebrdrejt\u00eb edhe n\u00eb daljet publike pasi \u00ebsht\u00eb pyetur n\u00eb SPAK. Ai tregon t\u00eb gjith\u00eb procedur\u00ebn se si kishte kund\u00ebrshtuar privatizimin e \u2018KF Partizanit\u2019 dhe n\u00eb nj\u00eb moment, gjat\u00eb ballafaqimit me nj\u00eb nga ish-ministrat e Mbrojtjes, zotin Gazment Oketa, ai i kishte th\u00ebn\u00eb se duhet ta firmoste at\u00eb shkres\u00eb ose do t\u00eb kishte nj\u00eb mas\u00eb disiplinore ndaj tij. Dhe sikurse tregon m\u00eb tej zoti Qirjazi, kjo mas\u00eb disiplinore ndaj tij ishte marr\u00eb.<\/p>\n<p>Nga ana tjet\u00ebr ka gjithashtu nj\u00eb d\u00ebshmi nga kreu i AKKP-s\u00eb, e em\u00ebruar pasi i ishte k\u00ebrkuar nga Jemin Gjana q\u00eb t\u00eb takonte kryeministrin e asaj kohe Sali Berisha. Berisha i komunikoi asaj em\u00ebrimin n\u00eb detyr\u00eb n\u00eb Agjencin\u00eb e Kthimit dhe Kompensimit t\u00eb Pronave dhe m\u00eb pas em\u00ebrime t\u00eb tjera q\u00eb ishin b\u00ebr\u00eb me k\u00ebrkesa t\u00eb caktuara.<\/p>\n<p>SPAK ka kryer nj\u00eb analiz\u00eb financiare, q\u00eb kund\u00ebrshtohet nga avokat\u00ebt, sa i takon pastrimit t\u00eb parave.<\/p>\n\n<div style=\"font-size: 0px; height: 0px; line-height: 0px; margin: 0; padding: 0; clear: both;\"><\/div>","protected":false},"excerpt":{"rendered":"<p>Ish-kryeministri Sali Berisha \u00ebsht\u00eb politikani m\u00eb i lart\u00eb q\u00eb \u00ebsht\u00eb marr\u00eb i pandehur nga Prokuroria e Posa\u00e7me. Nd\u00ebrkoh\u00eb, GJKKO vendosi sot t\u00eb l\u00ebr\u00eb n\u00eb burg Jamarb\u00ebr Malltezin&#8230; <\/p>\n","protected":false},"author":1,"featured_media":5114,"comment_status":"open","ping_status":"open","sticky":false,"template":"","format":"standard","meta":{"footnotes":""},"categories":[6],"tags":[],"class_list":["post-5113","post","type-post","status-publish","format-standard","has-post-thumbnail","hentry","category-lajme"],"_links":{"self":[{"href":"https:\/\/new.findnews5.com\/index.php?rest_route=\/wp\/v2\/posts\/5113","targetHints":{"allow":["GET"]}}],"collection":[{"href":"https:\/\/new.findnews5.com\/index.php?rest_route=\/wp\/v2\/posts"}],"about":[{"href":"https:\/\/new.findnews5.com\/index.php?rest_route=\/wp\/v2\/types\/post"}],"author":[{"embeddable":true,"href":"https:\/\/new.findnews5.com\/index.php?rest_route=\/wp\/v2\/users\/1"}],"replies":[{"embeddable":true,"href":"https:\/\/new.findnews5.com\/index.php?rest_route=%2Fwp%2Fv2%2Fcomments&post=5113"}],"version-history":[{"count":0,"href":"https:\/\/new.findnews5.com\/index.php?rest_route=\/wp\/v2\/posts\/5113\/revisions"}],"wp:featuredmedia":[{"embeddable":true,"href":"https:\/\/new.findnews5.com\/index.php?rest_route=\/wp\/v2\/media\/5114"}],"wp:attachment":[{"href":"https:\/\/new.findnews5.com\/index.php?rest_route=%2Fwp%2Fv2%2Fmedia&parent=5113"}],"wp:term":[{"taxonomy":"category","embeddable":true,"href":"https:\/\/new.findnews5.com\/index.php?rest_route=%2Fwp%2Fv2%2Fcategories&post=5113"},{"taxonomy":"post_tag","embeddable":true,"href":"https:\/\/new.findnews5.com\/index.php?rest_route=%2Fwp%2Fv2%2Ftags&post=5113"}],"curies":[{"name":"wp","href":"https:\/\/api.w.org\/{rel}","templated":true}]}}