{"id":5107,"date":"2023-10-24T00:05:59","date_gmt":"2023-10-24T00:05:59","guid":{"rendered":"https:\/\/new.findnews5.com\/?p=5107"},"modified":"2023-10-24T00:06:00","modified_gmt":"2023-10-24T00:06:00","slug":"hajde-te-te-perqafoj-o-bir-djali-refuzon-te-takoje-nenen-se-i-vuri-emrin-gazmend-une-e-di-ckam-hequr","status":"publish","type":"post","link":"https:\/\/new.findnews5.com\/?p=5107","title":{"rendered":"\u201cHajde t\u00eb t\u00eb p\u00ebrqafoj o bir!\u201d, djali refuzon t\u00eb takoj\u00eb n\u00ebn\u00ebn se i vuri emrin Gazmend: Une e di c\u2019kam hequr.."},"content":{"rendered":"<div class=\"78954ae5fa42b68c1393fe3da4998882\" data-index=\"1\" style=\"float: none; margin:0px 0 0px 0; text-align:center;\">\n<div data-type=\"_mgwidget\" data-widget-id=\"1576712\">\r\n<\/div>\r\n<script>(function(w,q){w[q]=w[q]||[];w[q].push([\"_mgc.load\"])})(window,\"_mgq\");\r\n<\/script>\r\n\n<\/div>\n<p>N\u00eb seanc\u00ebn e sotme t\u00eb \u201cShihemi n\u00eb Gjyq\u201d te \u201cE Diela Shqiptare\u201d, n\u00eb Tv Klan u p\u00ebrball\u00ebn n\u00ebn\u00eb e bir, arsyeja p\u00ebr k\u00ebt\u00eb \u00ebsht\u00eb emri q\u00eb n\u00ebna i ka v\u00ebn\u00eb djalit. Ajo e ka quajtur djalin e saj Gazmedt, por ky em\u00ebr duket se i ka sjell\u00eb shum\u00eb probleme djalit t\u00eb saj. Ai \u00ebsht\u00eb ndier i bullizuar nga shok\u00ebt p\u00ebr shkak se emri Gazment n\u00eb greqisht ngjason me kazm\u00ebn, ndaj ai ka dashur ta ndryshoj\u00eb.<br \/>\nLuljeta e thirri djalin e saj n\u00eb nj\u00eb seanc\u00eb nd\u00ebrmjet\u00ebsimi p\u00ebr shkak se ky i fundit prej 5 vitesh nuk i flet vet\u00ebm p\u00ebr shkak t\u00eb emrit q\u00eb ajo i ka vendosur. E pyetur nga djali se p\u00ebrse e ka sjell k\u00ebtu, n\u00ebna i afrohet djalit dhe mes lot\u00ebsh i k\u00ebrkon ta p\u00ebrqafoj\u00eb. Por ky i fundit e refuzon duke i th\u00ebn\u00eb se do e p\u00ebrqafoj\u00eb kur t\u00eb mund t\u00eb ndryshoj\u00eb emrin.<\/p>\n<p>Eni \u00c7obani: Luljeta e dashur! Ke qar\u00eb shum\u00eb, ne t\u00eb dyja jemi takuar shpesh, por ka qen\u00eb fat i madh q\u00eb m\u00eb n\u00eb fund, djali juaj pranoi t\u00eb vinte p\u00ebrball\u00eb dhe pse jo edhe t\u00eb shikonte pas kaq shum\u00eb vitesh. Luljeta t\u00eb fal\u00ebnderoj shum\u00eb q\u00eb m\u00eb ke b\u00ebr\u00eb pjes\u00eb t\u00eb k\u00ebsaj problematike dhe uroj shum\u00eb q\u00eb Gazmendin ta d\u00ebgjojm\u00eb \u00e7far\u00eb problemi ka dhe t\u00eb dyja s\u00eb bashku, si dy n\u00ebna t\u2019i japim nj\u00eb zgjidhje. K\u00ebshtu q\u00eb kok\u00ebn lart, shikoje n\u00eb sy. Ai besoj se n\u00eb k\u00ebto 5 vite \u00ebsht\u00eb b\u00ebr\u00eb akoma m\u00eb i madh.<\/p>\n<p>Gazmenti: Zonja Eni, m\u00eb falni nj\u00eb minut\u00eb, po b\u00ebra ndonj\u00eb gabim me shqipen, ngaq\u00eb kam ikur shum\u00eb i vog\u00ebl n\u00eb Greqi do flas ndonj\u00ebher\u00eb n\u00eb greqisht, se nuk i di t\u00eb t\u00ebra llafet. M\u00eb falni, t\u00eb gjith\u00eb! Doja t\u00eb pyesja maman\u00eb time. Pse m\u00eb ka sjell\u00eb k\u00ebtu?<\/p>\n<p>Eni \u00c7obani: Pse 5 vjet nuk \u00ebsht\u00eb e mjaftueshme, p\u00ebr 5 vitet q\u00eb ti nuk e shikon n\u00ebn\u00ebn? Un\u00eb do doja t\u00eb ishe m\u00eb i qet\u00eb, jo kaq i m\u00ebrzitur sa t\u00eb shikoj se ke p\u00ebrball\u00eb n\u00ebn\u00ebn. Jo ndonj\u00eb shoqe, por ke p\u00ebrball\u00eb n\u00ebn\u00ebn t\u00ebnde.<\/p>\n<p>Gazmenti: Mamaja ime e di \u00e7far\u00eb kam hequr un\u00eb n\u00eb t\u00ebr\u00eb k\u00ebto vite q\u00eb n\u00eb \u201897.<\/p>\n<p>Luljeta: M\u00eb l\u00ebr t\u00eb t\u00eb p\u00ebrqafoj o bir!<\/p>\n<p>Gazmenti: Jo.<\/p>\n<p>Luljeta: M\u00eb jep dor\u00ebn t\u00eb pakt\u00ebn.<\/p>\n<p>Gazmenti: Kur t\u00eb mundem q\u00eb t\u00eb ndryshoj emri. Se kaq vite\u2026 kam q\u00eb n\u00eb \u201997 e deri tani q\u00eb m\u00eb tallin shok\u00ebt me k\u00ebt\u00eb em\u00ebr q\u00eb m\u00eb keni v\u00ebn\u00eb. Nuk e di kush e vuri, por un\u00eb kam probleme n\u00eb jet\u00ebn time.<\/p>\n<p>Eni \u00c7obani: T\u00eb lutem. Emri p\u00ebr t\u00eb cilin neve flasim sepse t\u2019u drejtuam dhe m\u00eb par\u00eb, \u00ebsht\u00eb nj\u00eb nga emrat m\u00eb t\u00eb bukur shqiptar\u00eb se duhet t\u00eb jemi tani t\u00eb past\u00ebr dhe t\u00eb drejtp\u00ebrdrejt\u00eb se po na ndjek nj\u00eb publik shum\u00eb i madh. Emri yt \u00ebsht\u00eb Gazmend.<\/p>\n<p>Gazmend: Kemi nj\u00eb problem me k\u00ebt\u00eb em\u00ebr se ky em\u00ebr n\u00eb Greqi shqiptohet, si ta them se nuk e di si ta them shqip, thuhet me nj\u00eb em\u00ebr tjet\u00ebr grek q\u00eb nuk \u00ebsht\u00eb em\u00ebr i bukur dhe un\u00eb e kam problem n\u00eb jet\u00ebn time.<\/p>\n<p>Ardit Gjebrea: Nuk \u00ebsht\u00eb em\u00ebr i bukur?<\/p>\n<p>Eni \u00c7obani: Pra shqiptimi i emrit Gazmend?<\/p>\n<p>Gazmend: Po.<\/p>\n<p>Ardit Gjebrea: Si shqiptohet?<\/p>\n<p>Gazmend: \u00cbsht\u00eb nj\u00eblloj me emrin Gazmas.<\/p>\n<p>Ardit Gjebrea: \u00c7a \u00ebsht\u00eb Gazmas n\u00eb greqisht?<\/p>\n<p>Gazmend: \u00cbsht\u00eb kazm\u00eb.<\/p>\n<p>Luljeta: Po \u00e7\u2019faj kam un\u00eb t\u00eb keqen n\u00ebna p\u00ebr at\u00eb em\u00ebr? Un\u00eb jetoja n\u00eb Shqip\u00ebri, s\u2019jetoja n\u00eb Greqi.<\/p>\n\n<div style=\"font-size: 0px; height: 0px; line-height: 0px; margin: 0; padding: 0; clear: both;\"><\/div>","protected":false},"excerpt":{"rendered":"<p>N\u00eb seanc\u00ebn e sotme t\u00eb \u201cShihemi n\u00eb Gjyq\u201d te \u201cE Diela Shqiptare\u201d, n\u00eb Tv Klan u p\u00ebrball\u00ebn n\u00ebn\u00eb e bir, arsyeja p\u00ebr k\u00ebt\u00eb \u00ebsht\u00eb emri q\u00eb n\u00ebna&#8230; <\/p>\n","protected":false},"author":1,"featured_media":5108,"comment_status":"open","ping_status":"open","sticky":false,"template":"","format":"standard","meta":{"footnotes":""},"categories":[6],"tags":[],"class_list":["post-5107","post","type-post","status-publish","format-standard","has-post-thumbnail","hentry","category-lajme"],"_links":{"self":[{"href":"https:\/\/new.findnews5.com\/index.php?rest_route=\/wp\/v2\/posts\/5107","targetHints":{"allow":["GET"]}}],"collection":[{"href":"https:\/\/new.findnews5.com\/index.php?rest_route=\/wp\/v2\/posts"}],"about":[{"href":"https:\/\/new.findnews5.com\/index.php?rest_route=\/wp\/v2\/types\/post"}],"author":[{"embeddable":true,"href":"https:\/\/new.findnews5.com\/index.php?rest_route=\/wp\/v2\/users\/1"}],"replies":[{"embeddable":true,"href":"https:\/\/new.findnews5.com\/index.php?rest_route=%2Fwp%2Fv2%2Fcomments&post=5107"}],"version-history":[{"count":0,"href":"https:\/\/new.findnews5.com\/index.php?rest_route=\/wp\/v2\/posts\/5107\/revisions"}],"wp:featuredmedia":[{"embeddable":true,"href":"https:\/\/new.findnews5.com\/index.php?rest_route=\/wp\/v2\/media\/5108"}],"wp:attachment":[{"href":"https:\/\/new.findnews5.com\/index.php?rest_route=%2Fwp%2Fv2%2Fmedia&parent=5107"}],"wp:term":[{"taxonomy":"category","embeddable":true,"href":"https:\/\/new.findnews5.com\/index.php?rest_route=%2Fwp%2Fv2%2Fcategories&post=5107"},{"taxonomy":"post_tag","embeddable":true,"href":"https:\/\/new.findnews5.com\/index.php?rest_route=%2Fwp%2Fv2%2Ftags&post=5107"}],"curies":[{"name":"wp","href":"https:\/\/api.w.org\/{rel}","templated":true}]}}