{"id":5104,"date":"2023-10-24T00:03:34","date_gmt":"2023-10-24T00:03:34","guid":{"rendered":"https:\/\/new.findnews5.com\/?p=5104"},"modified":"2023-10-24T00:03:35","modified_gmt":"2023-10-24T00:03:35","slug":"jam-betuar-nuk-vd-es-pa-e-bere-pirro-cako-tregon-amanetin-e-fundit-qe-i-ka-lene-i-ati","status":"publish","type":"post","link":"https:\/\/new.findnews5.com\/?p=5104","title":{"rendered":"\u201cJam betuar, nuk vd es pa e b\u00ebr\u00eb\u201d, Pirro \u00c7ako tregon amanetin e fundit q\u00eb i ka l\u00ebn\u00eb i ati"},"content":{"rendered":"<div class=\"78954ae5fa42b68c1393fe3da4998882\" data-index=\"1\" style=\"float: none; margin:0px 0 0px 0; text-align:center;\">\n<div data-type=\"_mgwidget\" data-widget-id=\"1576712\">\r\n<\/div>\r\n<script>(function(w,q){w[q]=w[q]||[];w[q].push([\"_mgc.load\"])})(window,\"_mgq\");\r\n<\/script>\r\n\n<\/div>\n<p>Pirro \u00c7ako dit\u00ebn e djeshme ka qen\u00eb i ftuar tek emisioni i Rudina Magjistarit i cili ka folur rreth karrier\u00ebs s\u00eb tij dhe rikthimit si kantautor pas 7 vitesh.<br \/>\nGjithashtu ai p\u00ebrloti publikun me fjal\u00ebt q\u00eb prehu p\u00ebr t\u00eb atin e ndjer\u00eb Gaqo \u00c7akon. Pirro tregoi se babai dhe familja e tij ishin shtysa kryesore p\u00ebr rikthimin n\u00eb muzik\u00eb.<\/p>\n<p>\u201cIshte familja ime q\u00eb insistonte, mamaja m\u00eb lutej \u2018pse nuk kthehesh\u2019. N\u00eb nj\u00eb debat kur babai ishte ende n\u00eb muajt e fundit i thash\u00eb:<\/p>\n<p>\u2018Boll nuk b\u00ebj m\u00eb k\u00ebng\u00eb\u2019. Por ai m\u00eb kujtoi Verdi-n, i cili ka b\u00ebr\u00eb muzik\u00eb deri n\u00eb mosh\u00ebn 82-vje\u00e7are, ishte gjeni n\u00eb at\u00eb mosh\u00eb. M\u00eb tha: Pse t\u00eb mos shkruash k\u00ebng\u00eb sa m\u00eb gjat\u00eb? Nuk duhet t\u00eb t\u00ebrhiqesh, shkruaj m\u00eb rrall\u00eb por kur t\u00eb rikthehesh shkruaj di\u00e7ka q\u00eb v\u00ebrtet t\u2019ia vlej\u00eb\u201d, u shpreh kantautori.<\/p>\n<p>Rudina i kishte p\u00ebrgatitur edhe nj\u00eb insert ku Pirro k\u00ebndonte me t\u00eb atin. Kantautori i p\u00ebrlotur u shpreh se k\u00ebt\u00eb amanet t\u00eb t\u00eb atit do e realizoj\u00eb dhe nuk do heqe kurr\u00eb dor\u00eb nga muzika.<\/p>\n<p>\u201cKjo fraz\u00eb m\u00eb kthehet \u00e7do dit\u00eb kur eci rrug\u00ebve, kur s\u2019kam d\u00ebshir\u00eb t\u00eb punoj. Kam b\u00ebr\u00eb betimin q\u00eb do t\u2019ia realizoj at\u00eb d\u00ebshir\u00ebn dhe k\u00ebshill\u00ebn q\u00eb m\u00eb dha p\u00ebr t\u00eb mos ndaluar asnj\u00ebher\u00eb s\u00eb b\u00ebri muzik\u00eb, por gjithmon\u00eb me moderacion\u201d.<\/p>\n<p>I madhi Gaqo \u00c7ako nj\u00eb nga ikonat e muzik\u00ebs shqiptare u nda nga jeta n\u00eb gusht t\u00eb vitit 2018. Por di\u00e7ka \u00ebsht\u00eb e sigurt trash\u00ebgimia e pasur muzikore q\u00eb ka l\u00ebn\u00eb pas nuk do zhduket kurr\u00eb.<\/p>\n\n<div style=\"font-size: 0px; height: 0px; line-height: 0px; margin: 0; padding: 0; clear: both;\"><\/div>","protected":false},"excerpt":{"rendered":"<p>Pirro \u00c7ako dit\u00ebn e djeshme ka qen\u00eb i ftuar tek emisioni i Rudina Magjistarit i cili ka folur rreth karrier\u00ebs s\u00eb tij dhe rikthimit si kantautor pas&#8230; <\/p>\n","protected":false},"author":1,"featured_media":5105,"comment_status":"open","ping_status":"open","sticky":false,"template":"","format":"standard","meta":{"footnotes":""},"categories":[6],"tags":[],"class_list":["post-5104","post","type-post","status-publish","format-standard","has-post-thumbnail","hentry","category-lajme"],"_links":{"self":[{"href":"https:\/\/new.findnews5.com\/index.php?rest_route=\/wp\/v2\/posts\/5104","targetHints":{"allow":["GET"]}}],"collection":[{"href":"https:\/\/new.findnews5.com\/index.php?rest_route=\/wp\/v2\/posts"}],"about":[{"href":"https:\/\/new.findnews5.com\/index.php?rest_route=\/wp\/v2\/types\/post"}],"author":[{"embeddable":true,"href":"https:\/\/new.findnews5.com\/index.php?rest_route=\/wp\/v2\/users\/1"}],"replies":[{"embeddable":true,"href":"https:\/\/new.findnews5.com\/index.php?rest_route=%2Fwp%2Fv2%2Fcomments&post=5104"}],"version-history":[{"count":0,"href":"https:\/\/new.findnews5.com\/index.php?rest_route=\/wp\/v2\/posts\/5104\/revisions"}],"wp:featuredmedia":[{"embeddable":true,"href":"https:\/\/new.findnews5.com\/index.php?rest_route=\/wp\/v2\/media\/5105"}],"wp:attachment":[{"href":"https:\/\/new.findnews5.com\/index.php?rest_route=%2Fwp%2Fv2%2Fmedia&parent=5104"}],"wp:term":[{"taxonomy":"category","embeddable":true,"href":"https:\/\/new.findnews5.com\/index.php?rest_route=%2Fwp%2Fv2%2Fcategories&post=5104"},{"taxonomy":"post_tag","embeddable":true,"href":"https:\/\/new.findnews5.com\/index.php?rest_route=%2Fwp%2Fv2%2Ftags&post=5104"}],"curies":[{"name":"wp","href":"https:\/\/api.w.org\/{rel}","templated":true}]}}