{"id":5098,"date":"2023-10-23T22:42:53","date_gmt":"2023-10-23T22:42:53","guid":{"rendered":"https:\/\/new.findnews5.com\/?p=5098"},"modified":"2023-10-23T22:42:54","modified_gmt":"2023-10-23T22:42:54","slug":"nga-aktori-me-origjine-shqiptare-dhe-aktorja-e-njohur-turke-vjen-nje-lajm-i-bukur","status":"publish","type":"post","link":"https:\/\/new.findnews5.com\/?p=5098","title":{"rendered":"Nga aktori me origjin\u00eb Shqiptare dhe aktorja e njohur Turke vjen nj\u00eb lajm i bukur"},"content":{"rendered":"<div class=\"78954ae5fa42b68c1393fe3da4998882\" data-index=\"1\" style=\"float: none; margin:0px 0 0px 0; text-align:center;\">\n<div data-type=\"_mgwidget\" data-widget-id=\"1576712\">\r\n<\/div>\r\n<script>(function(w,q){w[q]=w[q]||[];w[q].push([\"_mgc.load\"])})(window,\"_mgq\");\r\n<\/script>\r\n\n<\/div>\n<p>Serialet turke jan\u00eb b\u00ebr\u00eb pjes\u00eb e pandashme e dit\u00ebs ton\u00eb.Ne jo vet\u00ebm q\u00eb i ndjekim pafund, por jemi dhe t\u00eb interesuar p\u00ebr aktor\u00ebt, t\u00eb cil\u00ebt jan\u00eb kthyer n\u00eb \u201cpjes\u00ebtar\u00ebt e familjes\u201d.<br \/>\nDhe n\u00eb k\u00ebt\u00eb kategori hyn dhe \u00e7ifti shum\u00eb i njohur i showbizit turk por q\u00eb njihen dhe nga publiku shqiptar Berguzar Korel dhe bashk\u00ebshorti i saj Halit Ergen\u00e7.Berguzar u b\u00eb e njohur p\u00ebr publikun shqiptar me rolin e Sheherzades n\u00eb serialin \u20181001 net\u00eb\u2019 nd\u00ebrsa Halit Ergen\u00e7 u b\u00eb i njohur m\u00eb s\u00eb shumti me rolin e \u201cSulltanit\u201d tek seriali \u2018Sulejmani i madh\u00ebrish\u00ebm\u2019<\/p>\n<p>E s\u00eb fundmi \u00e7ifti jan\u00eb b\u00ebr\u00eb prind\u00ebr p\u00ebr her\u00eb t\u00eb dyt\u00eb.Kujtojm\u00eb q\u00eb \u00e7ifti ka dhe nj\u00eb djal\u00eb tjet\u00ebr 10 vje\u00e7ar. Ali.<\/p>\n\n<div style=\"font-size: 0px; height: 0px; line-height: 0px; margin: 0; padding: 0; clear: both;\"><\/div>","protected":false},"excerpt":{"rendered":"<p>Serialet turke jan\u00eb b\u00ebr\u00eb pjes\u00eb e pandashme e dit\u00ebs ton\u00eb.Ne jo vet\u00ebm q\u00eb i ndjekim pafund, por jemi dhe t\u00eb interesuar p\u00ebr aktor\u00ebt, t\u00eb cil\u00ebt jan\u00eb kthyer&#8230; <\/p>\n","protected":false},"author":1,"featured_media":5099,"comment_status":"open","ping_status":"open","sticky":false,"template":"","format":"standard","meta":{"footnotes":""},"categories":[6],"tags":[],"class_list":["post-5098","post","type-post","status-publish","format-standard","has-post-thumbnail","hentry","category-lajme"],"_links":{"self":[{"href":"https:\/\/new.findnews5.com\/index.php?rest_route=\/wp\/v2\/posts\/5098","targetHints":{"allow":["GET"]}}],"collection":[{"href":"https:\/\/new.findnews5.com\/index.php?rest_route=\/wp\/v2\/posts"}],"about":[{"href":"https:\/\/new.findnews5.com\/index.php?rest_route=\/wp\/v2\/types\/post"}],"author":[{"embeddable":true,"href":"https:\/\/new.findnews5.com\/index.php?rest_route=\/wp\/v2\/users\/1"}],"replies":[{"embeddable":true,"href":"https:\/\/new.findnews5.com\/index.php?rest_route=%2Fwp%2Fv2%2Fcomments&post=5098"}],"version-history":[{"count":0,"href":"https:\/\/new.findnews5.com\/index.php?rest_route=\/wp\/v2\/posts\/5098\/revisions"}],"wp:featuredmedia":[{"embeddable":true,"href":"https:\/\/new.findnews5.com\/index.php?rest_route=\/wp\/v2\/media\/5099"}],"wp:attachment":[{"href":"https:\/\/new.findnews5.com\/index.php?rest_route=%2Fwp%2Fv2%2Fmedia&parent=5098"}],"wp:term":[{"taxonomy":"category","embeddable":true,"href":"https:\/\/new.findnews5.com\/index.php?rest_route=%2Fwp%2Fv2%2Fcategories&post=5098"},{"taxonomy":"post_tag","embeddable":true,"href":"https:\/\/new.findnews5.com\/index.php?rest_route=%2Fwp%2Fv2%2Ftags&post=5098"}],"curies":[{"name":"wp","href":"https:\/\/api.w.org\/{rel}","templated":true}]}}