{"id":5091,"date":"2023-10-23T20:04:16","date_gmt":"2023-10-23T20:04:16","guid":{"rendered":"https:\/\/new.findnews5.com\/?p=5091"},"modified":"2023-10-23T20:04:19","modified_gmt":"2023-10-23T20:04:19","slug":"zedhenesja-e-berishes-floriana-garo-sulmon-top-channel-berisha-nuk-ka-asnje-vile","status":"publish","type":"post","link":"https:\/\/new.findnews5.com\/?p=5091","title":{"rendered":"Z\u00ebdh\u00ebn\u00ebsja e Berish\u00ebs, Floriana Garo sulmon Top Channel: Berisha nuk ka asnj\u00eb vil\u00eb\u2026"},"content":{"rendered":"<div class=\"78954ae5fa42b68c1393fe3da4998882\" data-index=\"1\" style=\"float: none; margin:0px 0 0px 0; text-align:center;\">\n<div data-type=\"_mgwidget\" data-widget-id=\"1576712\">\r\n<\/div>\r\n<script>(function(w,q){w[q]=w[q]||[];w[q].push([\"_mgc.load\"])})(window,\"_mgq\");\r\n<\/script>\r\n\n<\/div>\n<p>Z\u00ebdh\u00ebn\u00ebsja e Sali Berish\u00ebs, Floriana Garo ka sulmuar Top Channel, pas raportimit t\u00eb lajmit se dh\u00ebndrit t\u00eb Berish\u00ebs iu sekuestrua vila n\u00eb Gjirin e Lalzit, ku vet\u00eb Sali Berisha kalonte ver\u00ebn dhe fundjavat.<\/p>\n<p>Gjat\u00eb nj\u00eb reagimi ne rrjetet sociale, Floriana Garo e inatosur me Top Channel thot\u00eb se Sali Berisha nuk disponon asnj\u00eb vil\u00eb n\u00eb Gjirin e Lalzit.<\/p>\n<p>\u201cTop Channel ose sic njihet ndryshe Top Inceneratori p\u00ebr shkak t\u00eb miliona eurove financime q\u00eb Zoto dhe M\u00ebrtiri i kan\u00eb b\u00ebr\u00eb k\u00ebsaj mediaje dhe pronares s\u00eb saj, n\u00ebn diktatin e Ram\u00ebs dhe mafies s\u00eb plehrave, disinformon opinionin duke njoftuar sekuestrimin e nj\u00eb vile t\u00eb ish kryeministrit Berisha n\u00eb gjirin e Lalzit. B\u00ebjm\u00eb me dije se ky \u00ebsht\u00eb nj\u00eb trillim dhe se z.Berisha nuk disponon asnj\u00eb pasuri t\u00eb paluajtshme n\u00eb gjirin e Lalzit apo askund tjet\u00ebr p\u00ebrve\u00e7 apartamentit t\u00eb tij n\u00eb Tiran\u00eb! Lajmi p\u00ebrb\u00ebn nj\u00eb shpifje amorale q\u00ebllimi i t\u00eb cil\u00ebs \u00ebsht\u00eb mashtrimi i opinionit publik p\u00ebr llogari t\u00eb Ram\u00ebs\u201d, shkruan nder te tjera Garo.<\/p>\n\n<div style=\"font-size: 0px; height: 0px; line-height: 0px; margin: 0; padding: 0; clear: both;\"><\/div>","protected":false},"excerpt":{"rendered":"<p>Z\u00ebdh\u00ebn\u00ebsja e Sali Berish\u00ebs, Floriana Garo ka sulmuar Top Channel, pas raportimit t\u00eb lajmit se dh\u00ebndrit t\u00eb Berish\u00ebs iu sekuestrua vila n\u00eb Gjirin e Lalzit, ku vet\u00eb&#8230; <\/p>\n","protected":false},"author":1,"featured_media":5092,"comment_status":"open","ping_status":"open","sticky":false,"template":"","format":"standard","meta":{"footnotes":""},"categories":[6],"tags":[],"class_list":["post-5091","post","type-post","status-publish","format-standard","has-post-thumbnail","hentry","category-lajme"],"_links":{"self":[{"href":"https:\/\/new.findnews5.com\/index.php?rest_route=\/wp\/v2\/posts\/5091","targetHints":{"allow":["GET"]}}],"collection":[{"href":"https:\/\/new.findnews5.com\/index.php?rest_route=\/wp\/v2\/posts"}],"about":[{"href":"https:\/\/new.findnews5.com\/index.php?rest_route=\/wp\/v2\/types\/post"}],"author":[{"embeddable":true,"href":"https:\/\/new.findnews5.com\/index.php?rest_route=\/wp\/v2\/users\/1"}],"replies":[{"embeddable":true,"href":"https:\/\/new.findnews5.com\/index.php?rest_route=%2Fwp%2Fv2%2Fcomments&post=5091"}],"version-history":[{"count":0,"href":"https:\/\/new.findnews5.com\/index.php?rest_route=\/wp\/v2\/posts\/5091\/revisions"}],"wp:featuredmedia":[{"embeddable":true,"href":"https:\/\/new.findnews5.com\/index.php?rest_route=\/wp\/v2\/media\/5092"}],"wp:attachment":[{"href":"https:\/\/new.findnews5.com\/index.php?rest_route=%2Fwp%2Fv2%2Fmedia&parent=5091"}],"wp:term":[{"taxonomy":"category","embeddable":true,"href":"https:\/\/new.findnews5.com\/index.php?rest_route=%2Fwp%2Fv2%2Fcategories&post=5091"},{"taxonomy":"post_tag","embeddable":true,"href":"https:\/\/new.findnews5.com\/index.php?rest_route=%2Fwp%2Fv2%2Ftags&post=5091"}],"curies":[{"name":"wp","href":"https:\/\/api.w.org\/{rel}","templated":true}]}}