{"id":5084,"date":"2023-10-23T17:36:03","date_gmt":"2023-10-23T17:36:03","guid":{"rendered":"https:\/\/new.findnews5.com\/?p=5084"},"modified":"2023-10-23T17:36:04","modified_gmt":"2023-10-23T17:36:04","slug":"berisha-o-sharlatane-lironi-dhendrin-tim-se-ska-marre-as-10-te-pronave-qe-i-takojne","status":"publish","type":"post","link":"https:\/\/new.findnews5.com\/?p=5084","title":{"rendered":"Berisha: O sharlatan\u00eb lironi dh\u00ebndrin tim se\u2026, s\u2019ka marr\u00eb as 10% t\u00eb pronave q\u00eb i takojn\u00eb"},"content":{"rendered":"<div class=\"78954ae5fa42b68c1393fe3da4998882\" data-index=\"1\" style=\"float: none; margin:0px 0 0px 0; text-align:center;\">\n<div data-type=\"_mgwidget\" data-widget-id=\"1576712\">\r\n<\/div>\r\n<script>(function(w,q){w[q]=w[q]||[];w[q].push([\"_mgc.load\"])})(window,\"_mgq\");\r\n<\/script>\r\n\n<\/div>\n<p>Sali Berisha i cil\u00ebson shpifje akuzat e ngritura nga SPAK p\u00ebr privatizimin e komplektit Partizani. N\u00eb nj\u00eb konferenc\u00eb p\u00ebr mediat k\u00ebt\u00eb t\u00eb h\u00ebn\u00eb, Berisha e cil\u00ebsoi dosjen si \u201cdokumentin pa\u00e7avure t\u00eb Edi Ram\u00ebs dhe larove t\u00eb tij skapist\u00eb\u201d, hodhi posht\u00eb \u00e7far\u00eb thuhet n\u00eb t\u00eb, duke dh\u00ebn\u00eb versionin e tij p\u00ebr secil\u00ebn nga pikat.<\/p>\n<p>\u201cSKAPI dhe Edi Rama i fsheh k\u00ebto dokumente. Pas 3 viteve hetime policeske, Rama dhe larot e tij, mbi kall\u00ebzime t\u00eb rreme, p\u00ebrfundojn\u00eb n\u00eb mjerimin dhe posht\u00ebrimin e tyre, t\u00eb vendosin mas\u00eb sigurie dhe arrestim p\u00ebr personin q\u00eb \u00ebsht\u00eb n\u00ebn hetim, pasi kan\u00eb fshehur dhe manipuluar qindra dokumente.<\/p>\n<p>Do faktoj daci-baon me flet\u00eb m\u00eb t\u00eb gjata. N\u00eb daci-baon e tij, Edvini dhe larot e tij, kompensimi p\u00ebr familjet ka nisur n\u00eb 94 dhe deri n\u00eb 2005. Kthimi i pronave ka nisur n\u00eb vitin 95. Ata kan\u00eb marr\u00eb n\u00eb p\u00ebrputhje me ligjin e pron\u00ebs nj\u00eb pjes\u00eb t\u00eb pronave t\u00eb tyre, deri n\u00eb 2009 me privatizimin.<\/p>\n<p>Dh\u00ebndri i im pronar, i cili nga t\u00eb dy gjysh\u00ebrit, s\u2019ka marr\u00eb as 10% t\u00eb asaj q\u00eb i takon. P\u00ebr k\u00ebt\u00eb q\u00ebllim amendova ligjin n\u00eb vitin 2004 dhe zgjata me nj\u00eb vit afatin e dor\u00ebzimit t\u00eb dokumenteve t\u00eb ish-pronar\u00ebve p\u00ebr t\u00eb k\u00ebrkuar pronat e tyre.<\/p>\n<p>K\u00ebtu mund t\u00eb p\u00ebrdorja \u00e7do epitet, por po i pyes k\u00ebta mender zyrtar\u00eb, po Fatos Nano q\u00eb kishte zgjatur para meje me 2 vite afatin p\u00ebr zgjatjen e procedurave. E b\u00ebri p\u00ebr dh\u00ebndrin tim? Sharlatan\u00eb! S\u2019keni moral.\u201d<\/p>\n\n<div style=\"font-size: 0px; height: 0px; line-height: 0px; margin: 0; padding: 0; clear: both;\"><\/div>","protected":false},"excerpt":{"rendered":"<p>Sali Berisha i cil\u00ebson shpifje akuzat e ngritura nga SPAK p\u00ebr privatizimin e komplektit Partizani. N\u00eb nj\u00eb konferenc\u00eb p\u00ebr mediat k\u00ebt\u00eb t\u00eb h\u00ebn\u00eb, Berisha e cil\u00ebsoi dosjen&#8230; <\/p>\n","protected":false},"author":1,"featured_media":5085,"comment_status":"open","ping_status":"open","sticky":false,"template":"","format":"standard","meta":{"footnotes":""},"categories":[6],"tags":[],"class_list":["post-5084","post","type-post","status-publish","format-standard","has-post-thumbnail","hentry","category-lajme"],"_links":{"self":[{"href":"https:\/\/new.findnews5.com\/index.php?rest_route=\/wp\/v2\/posts\/5084","targetHints":{"allow":["GET"]}}],"collection":[{"href":"https:\/\/new.findnews5.com\/index.php?rest_route=\/wp\/v2\/posts"}],"about":[{"href":"https:\/\/new.findnews5.com\/index.php?rest_route=\/wp\/v2\/types\/post"}],"author":[{"embeddable":true,"href":"https:\/\/new.findnews5.com\/index.php?rest_route=\/wp\/v2\/users\/1"}],"replies":[{"embeddable":true,"href":"https:\/\/new.findnews5.com\/index.php?rest_route=%2Fwp%2Fv2%2Fcomments&post=5084"}],"version-history":[{"count":0,"href":"https:\/\/new.findnews5.com\/index.php?rest_route=\/wp\/v2\/posts\/5084\/revisions"}],"wp:featuredmedia":[{"embeddable":true,"href":"https:\/\/new.findnews5.com\/index.php?rest_route=\/wp\/v2\/media\/5085"}],"wp:attachment":[{"href":"https:\/\/new.findnews5.com\/index.php?rest_route=%2Fwp%2Fv2%2Fmedia&parent=5084"}],"wp:term":[{"taxonomy":"category","embeddable":true,"href":"https:\/\/new.findnews5.com\/index.php?rest_route=%2Fwp%2Fv2%2Fcategories&post=5084"},{"taxonomy":"post_tag","embeddable":true,"href":"https:\/\/new.findnews5.com\/index.php?rest_route=%2Fwp%2Fv2%2Ftags&post=5084"}],"curies":[{"name":"wp","href":"https:\/\/api.w.org\/{rel}","templated":true}]}}