{"id":5067,"date":"2023-10-23T11:13:37","date_gmt":"2023-10-23T11:13:37","guid":{"rendered":"https:\/\/new.findnews5.com\/?p=5067"},"modified":"2023-10-23T11:13:38","modified_gmt":"2023-10-23T11:13:38","slug":"dashuria-eshte-mbi-gjithcka-por-mua-me-pengon-qe-albin-kurti-nuk-e-ka-perzgjedhur-as-gruan-shqiptare","status":"publish","type":"post","link":"https:\/\/new.findnews5.com\/?p=5067","title":{"rendered":"\u201cDashuria \u00ebsht\u00eb mbi gjith\u00e7ka, por mua m\u00eb pengon q\u00eb Albin Kurti nuk e ka p\u00ebrzgjedhur as gruan shqiptare\u201d"},"content":{"rendered":"<div class=\"78954ae5fa42b68c1393fe3da4998882\" data-index=\"1\" style=\"float: none; margin:0px 0 0px 0; text-align:center;\">\n<div data-type=\"_mgwidget\" data-widget-id=\"1576712\">\r\n<\/div>\r\n<script>(function(w,q){w[q]=w[q]||[];w[q].push([\"_mgc.load\"])})(window,\"_mgq\");\r\n<\/script>\r\n\n<\/div>\n<p>\u201cAlbin Kurti mua m\u00eb frik\u00ebson\u201d, k\u00ebshtu e nis\u00eb fjalin\u00eb e saj p\u00ebr kryeministrin e Kosov\u00ebs, ish deputetja e Lidhjes Demokratike t\u00eb Kosov\u00ebs dhe kryetarja e Forumit t\u00eb Gruas, Lirije Kajtazi.<\/p>\n<p>Kajtazi n\u00eb \u00c7ikat n \u2018Fokus me Hateme Smajli ka th\u00ebn\u00eb se asaj i pengon q\u00eb ai nd\u00ebr t\u00eb tjera nuk ka p\u00ebrzgjedhur as edhe t\u00eb martohet me nj\u00eb grua shqiptare.<\/p>\n<p>Ajo ka ngritur lart\u00eb figur\u00ebn e Avdullah Hotit p\u00ebr kryeminist\u00ebr duke th\u00ebn\u00eb se ai paraqet nj\u00eb figur\u00eb shtet nd\u00ebrtuese derisa Kurti i ka mohuar fuqish\u00ebm edhe simbolet e shtetit.Ndiqni m\u00eb posht\u00eb kritik\u00ebn e saj, \u00e7far\u00eb thot\u00eb ajo p\u00ebr Kurtin q\u00eb nuk ka bashk\u00ebshorten shqiptare<\/p>\n\n<div style=\"font-size: 0px; height: 0px; line-height: 0px; margin: 0; padding: 0; clear: both;\"><\/div>","protected":false},"excerpt":{"rendered":"<p>\u201cAlbin Kurti mua m\u00eb frik\u00ebson\u201d, k\u00ebshtu e nis\u00eb fjalin\u00eb e saj p\u00ebr kryeministrin e Kosov\u00ebs, ish deputetja e Lidhjes Demokratike t\u00eb Kosov\u00ebs dhe kryetarja e Forumit t\u00eb&#8230; <\/p>\n","protected":false},"author":1,"featured_media":5068,"comment_status":"open","ping_status":"open","sticky":false,"template":"","format":"standard","meta":{"footnotes":""},"categories":[6],"tags":[],"class_list":["post-5067","post","type-post","status-publish","format-standard","has-post-thumbnail","hentry","category-lajme"],"_links":{"self":[{"href":"https:\/\/new.findnews5.com\/index.php?rest_route=\/wp\/v2\/posts\/5067","targetHints":{"allow":["GET"]}}],"collection":[{"href":"https:\/\/new.findnews5.com\/index.php?rest_route=\/wp\/v2\/posts"}],"about":[{"href":"https:\/\/new.findnews5.com\/index.php?rest_route=\/wp\/v2\/types\/post"}],"author":[{"embeddable":true,"href":"https:\/\/new.findnews5.com\/index.php?rest_route=\/wp\/v2\/users\/1"}],"replies":[{"embeddable":true,"href":"https:\/\/new.findnews5.com\/index.php?rest_route=%2Fwp%2Fv2%2Fcomments&post=5067"}],"version-history":[{"count":0,"href":"https:\/\/new.findnews5.com\/index.php?rest_route=\/wp\/v2\/posts\/5067\/revisions"}],"wp:featuredmedia":[{"embeddable":true,"href":"https:\/\/new.findnews5.com\/index.php?rest_route=\/wp\/v2\/media\/5068"}],"wp:attachment":[{"href":"https:\/\/new.findnews5.com\/index.php?rest_route=%2Fwp%2Fv2%2Fmedia&parent=5067"}],"wp:term":[{"taxonomy":"category","embeddable":true,"href":"https:\/\/new.findnews5.com\/index.php?rest_route=%2Fwp%2Fv2%2Fcategories&post=5067"},{"taxonomy":"post_tag","embeddable":true,"href":"https:\/\/new.findnews5.com\/index.php?rest_route=%2Fwp%2Fv2%2Ftags&post=5067"}],"curies":[{"name":"wp","href":"https:\/\/api.w.org\/{rel}","templated":true}]}}