{"id":5061,"date":"2023-10-23T11:00:55","date_gmt":"2023-10-23T11:00:55","guid":{"rendered":"https:\/\/new.findnews5.com\/?p=5061"},"modified":"2023-10-23T11:00:56","modified_gmt":"2023-10-23T11:00:56","slug":"do-ta-zhdukja-fjalen-kosovar-e-maqedonc-ata-jane-shqiptare-tufa-per-nje-kombetare","status":"publish","type":"post","link":"https:\/\/new.findnews5.com\/?p=5061","title":{"rendered":"\u201cDo ta zhdukja fjal\u00ebn \u2018kosovar\u2019 e \u2018maqedonc\u2019, ata jan\u00eb shqiptar\u00eb\u201d, Tufa p\u00ebr nj\u00eb Komb\u00ebtare.."},"content":{"rendered":"<div class=\"78954ae5fa42b68c1393fe3da4998882\" data-index=\"1\" style=\"float: none; margin:0px 0 0px 0; text-align:center;\">\n<div data-type=\"_mgwidget\" data-widget-id=\"1576712\">\r\n<\/div>\r\n<script>(function(w,q){w[q]=w[q]||[];w[q].push([\"_mgc.load\"])})(window,\"_mgq\");\r\n<\/script>\r\n\n<\/div>\n<p>Bashkim Tufa ka qen\u00eb i pranish\u00ebm n\u00eb emisionin \u201cOra Sport\u201d n\u00eb \u201cOra News\u201d p\u00ebr t\u00eb diskutuar rreth Komb\u00ebtares shqiptare. Gazetari i njohur ka k\u00ebrkuar nj\u00eb Komb\u00ebtare t\u00eb p\u00ebrbashk\u00ebt, q\u00eb sipas tij do t\u00eb ishte m\u00eb e fort\u00eb se skuadra aktuale.<\/p>\n<p>Sipas tij, termat \u2018kosovar\u00eb\u2019 dhe \u2018maqedonas\u2019 nuk duhet t\u00eb ekzistojn\u00eb, pasi n\u00eb fund t\u00eb fundit, t\u00eb gjith\u00eb jan\u00eb shqiptar\u00eb.<br \/>\n\u201cN\u00eb fakt, shum\u00eb vite m\u00eb p\u00ebrpara kam th\u00ebn\u00eb q\u00eb ne duhet t\u00eb kemi nj\u00eb Komb\u00ebtare. Sepse mund t\u00eb kemi nj\u00eb Komb\u00ebtare shum\u00eb dinjitoze, jo t\u00eb zhdukim Komb\u00ebtaren tjet\u00ebr.<\/p>\n<p>Shqip\u00ebria ka shansin m\u00eb t\u00eb madh n\u00eb raport me t\u00eb tjer\u00ebt p\u00ebr t\u00eb b\u00ebr\u00eb nj\u00eb seleksionim dhe p\u00ebr t\u00eb paraqitur nj\u00eb Komb\u00ebtare t\u00eb shqiptar\u00ebve shum\u00eb m\u00eb t\u00eb fort\u00eb se kjo. Shum\u00eb m\u00eb t\u00eb fort\u00eb n\u00ebse jemi nj\u00eb. Pati disa debate, q\u00eb i mor\u00ebm (lojtar\u00eb) Kosov\u00ebs.<\/p>\n<p>Histori koti q\u00eb sot duken qesharake. Madje do t\u2019i fshija k\u00ebto \u2018kosovar\u00eb\u2019. Jo vet\u00ebm nj\u00eb Komb\u00ebtare, por do t\u00eb zhdukja dhe fjal\u00ebn \u2018kosovar\u2019, \u2018maqedonas\u2019. Ata jan\u00eb shqiptar. Nuk themi ne ai \u00ebsht\u00eb vlonjat. Ai \u00ebsht\u00eb shqiptar n\u00eb radh\u00eb t\u00eb par\u00eb\u201d, ka deklaruar Bashkim Tufa.<\/p>\n\n<div style=\"font-size: 0px; height: 0px; line-height: 0px; margin: 0; padding: 0; clear: both;\"><\/div>","protected":false},"excerpt":{"rendered":"<p>Bashkim Tufa ka qen\u00eb i pranish\u00ebm n\u00eb emisionin \u201cOra Sport\u201d n\u00eb \u201cOra News\u201d p\u00ebr t\u00eb diskutuar rreth Komb\u00ebtares shqiptare. Gazetari i njohur ka k\u00ebrkuar nj\u00eb Komb\u00ebtare t\u00eb&#8230; <\/p>\n","protected":false},"author":1,"featured_media":5062,"comment_status":"open","ping_status":"open","sticky":false,"template":"","format":"standard","meta":{"footnotes":""},"categories":[6],"tags":[],"class_list":["post-5061","post","type-post","status-publish","format-standard","has-post-thumbnail","hentry","category-lajme"],"_links":{"self":[{"href":"https:\/\/new.findnews5.com\/index.php?rest_route=\/wp\/v2\/posts\/5061","targetHints":{"allow":["GET"]}}],"collection":[{"href":"https:\/\/new.findnews5.com\/index.php?rest_route=\/wp\/v2\/posts"}],"about":[{"href":"https:\/\/new.findnews5.com\/index.php?rest_route=\/wp\/v2\/types\/post"}],"author":[{"embeddable":true,"href":"https:\/\/new.findnews5.com\/index.php?rest_route=\/wp\/v2\/users\/1"}],"replies":[{"embeddable":true,"href":"https:\/\/new.findnews5.com\/index.php?rest_route=%2Fwp%2Fv2%2Fcomments&post=5061"}],"version-history":[{"count":0,"href":"https:\/\/new.findnews5.com\/index.php?rest_route=\/wp\/v2\/posts\/5061\/revisions"}],"wp:featuredmedia":[{"embeddable":true,"href":"https:\/\/new.findnews5.com\/index.php?rest_route=\/wp\/v2\/media\/5062"}],"wp:attachment":[{"href":"https:\/\/new.findnews5.com\/index.php?rest_route=%2Fwp%2Fv2%2Fmedia&parent=5061"}],"wp:term":[{"taxonomy":"category","embeddable":true,"href":"https:\/\/new.findnews5.com\/index.php?rest_route=%2Fwp%2Fv2%2Fcategories&post=5061"},{"taxonomy":"post_tag","embeddable":true,"href":"https:\/\/new.findnews5.com\/index.php?rest_route=%2Fwp%2Fv2%2Ftags&post=5061"}],"curies":[{"name":"wp","href":"https:\/\/api.w.org\/{rel}","templated":true}]}}