{"id":5029,"date":"2023-10-22T16:53:23","date_gmt":"2023-10-22T16:53:23","guid":{"rendered":"https:\/\/new.findnews5.com\/?p=5029"},"modified":"2023-10-22T16:53:24","modified_gmt":"2023-10-22T16:53:24","slug":"po-vjen-diktatura-hoxhiste-cuni-i-fahri-balliut-shperthen-keq-kunder-edi-rames","status":"publish","type":"post","link":"https:\/\/new.findnews5.com\/?p=5029","title":{"rendered":"\u201cPo vjen diktatura hoxhiste\u201d\/ \u00c7uni i Fahri Balliut shp\u00ebrthen keq kund\u00ebr Edi Ram\u00ebs\u2026"},"content":{"rendered":"<div class=\"78954ae5fa42b68c1393fe3da4998882\" data-index=\"1\" style=\"float: none; margin:0px 0 0px 0; text-align:center;\">\n<div data-type=\"_mgwidget\" data-widget-id=\"1576712\">\r\n<\/div>\r\n<script>(function(w,q){w[q]=w[q]||[];w[q].push([\"_mgc.load\"])})(window,\"_mgq\");\r\n<\/script>\r\n\n<\/div>\n<p>Klevis Balliu e cil\u00ebson si \u201cvendosje t\u00eb regjimit komunist\u201d vendimin e djesh\u00ebm t\u00eb SPAK p\u00ebr t\u00eb marr\u00eb t\u00eb pandehur Sali Berish\u00ebn.<\/p>\n<p>\u00c7uni i Fahri Balliut shperthen keq kunder Edi Ram\u00ebs, p\u00ebr t\u00eb cilin thot\u00eb se po instalon n\u00eb Shqip\u00ebri regjimi hoxhist.<\/p>\n<p>\u201cU rikthyen! Historia fakton, se n\u00eb \u00e7do vend ku \u00ebsht\u00eb vendosur diktatura goditet kryetari i opozit\u00ebs, dje diktatura Hoxhiste \u00ebsht\u00eb rikthyer me f\u00ebmij\u00ebt e p\u00ebrdhunuesve dhe vras\u00ebseve t\u00eb shqiptar\u00ebve nga Kristaq Rama Kasem Balla te Edit \u00c7u\u00e7it b\u00ebn pik\u00ebrisht at\u00eb \u00e7ka provat historike na kan\u00eb paralajm\u00ebruar, godit\u00ebn kryetarin e opozit\u00ebs. Fati i shqiptar\u00ebve dhe fatkeq\u00ebsia e regjimit \u00ebsht\u00eb se ndryshe nga vende t\u00eb tjera n\u00eb histori opozita nuk ka n\u00eb plan t\u00eb ndaloj\u00eb apo t\u00eb l\u00ebshoj\u00eb pe kryetari i saj. N\u00eb fund t\u00eb k\u00ebsaj beteje t\u00eb opozit\u00ebs p\u00ebr Shqip\u00ebri, do t\u00eb triumfojn\u00eb dhe vendi do t\u00eb \u00e7lirohet p\u00ebrfundimisht nga kthetrat e err\u00ebta t\u00eb kanaleve hoxhiste\u201d, shprehet Balliu.<\/p>\n<p>Mbr\u00ebmjen e t\u00eb shtun\u00ebs u arrestua n\u00eb aeroportin e Rinasit Jamarb\u00ebr Malltezi, dh\u00ebndri i Sali Berishes. Nd\u00ebrkoh\u00eb Gjykata e Posa\u00e7me ka vendosur mas\u00eb \u201cdetyrim paraqitje\u201d dhe ndalim t\u00eb daljes jasht\u00eb shtetit edhe p\u00ebr Sali Berishen me akuz\u00ebn e korrupsionit pasiv.<\/p>\n\n<div style=\"font-size: 0px; height: 0px; line-height: 0px; margin: 0; padding: 0; clear: both;\"><\/div>","protected":false},"excerpt":{"rendered":"<p>Klevis Balliu e cil\u00ebson si \u201cvendosje t\u00eb regjimit komunist\u201d vendimin e djesh\u00ebm t\u00eb SPAK p\u00ebr t\u00eb marr\u00eb t\u00eb pandehur Sali Berish\u00ebn. \u00c7uni i Fahri Balliut shperthen keq&#8230; <\/p>\n","protected":false},"author":1,"featured_media":5030,"comment_status":"open","ping_status":"open","sticky":false,"template":"","format":"standard","meta":{"footnotes":""},"categories":[6],"tags":[],"class_list":["post-5029","post","type-post","status-publish","format-standard","has-post-thumbnail","hentry","category-lajme"],"_links":{"self":[{"href":"https:\/\/new.findnews5.com\/index.php?rest_route=\/wp\/v2\/posts\/5029","targetHints":{"allow":["GET"]}}],"collection":[{"href":"https:\/\/new.findnews5.com\/index.php?rest_route=\/wp\/v2\/posts"}],"about":[{"href":"https:\/\/new.findnews5.com\/index.php?rest_route=\/wp\/v2\/types\/post"}],"author":[{"embeddable":true,"href":"https:\/\/new.findnews5.com\/index.php?rest_route=\/wp\/v2\/users\/1"}],"replies":[{"embeddable":true,"href":"https:\/\/new.findnews5.com\/index.php?rest_route=%2Fwp%2Fv2%2Fcomments&post=5029"}],"version-history":[{"count":0,"href":"https:\/\/new.findnews5.com\/index.php?rest_route=\/wp\/v2\/posts\/5029\/revisions"}],"wp:featuredmedia":[{"embeddable":true,"href":"https:\/\/new.findnews5.com\/index.php?rest_route=\/wp\/v2\/media\/5030"}],"wp:attachment":[{"href":"https:\/\/new.findnews5.com\/index.php?rest_route=%2Fwp%2Fv2%2Fmedia&parent=5029"}],"wp:term":[{"taxonomy":"category","embeddable":true,"href":"https:\/\/new.findnews5.com\/index.php?rest_route=%2Fwp%2Fv2%2Fcategories&post=5029"},{"taxonomy":"post_tag","embeddable":true,"href":"https:\/\/new.findnews5.com\/index.php?rest_route=%2Fwp%2Fv2%2Ftags&post=5029"}],"curies":[{"name":"wp","href":"https:\/\/api.w.org\/{rel}","templated":true}]}}