{"id":5026,"date":"2023-10-22T16:50:26","date_gmt":"2023-10-22T16:50:26","guid":{"rendered":"https:\/\/new.findnews5.com\/?p=5026"},"modified":"2023-10-22T16:50:27","modified_gmt":"2023-10-22T16:50:27","slug":"malltezi-mori-pronen-e-vet-mua-ma-vodhi-rama-paloka-habit-te-gjithe-me-deklaraten","status":"publish","type":"post","link":"https:\/\/new.findnews5.com\/?p=5026","title":{"rendered":"\u201cMalltezi mori pron\u00ebn e vet, mua ma vodhi Rama\u201d, Paloka habit t\u00eb gjith\u00eb me deklarat\u00ebn\u2026"},"content":{"rendered":"<div class=\"78954ae5fa42b68c1393fe3da4998882\" data-index=\"1\" style=\"float: none; margin:0px 0 0px 0; text-align:center;\">\n<div data-type=\"_mgwidget\" data-widget-id=\"1576712\">\r\n<\/div>\r\n<script>(function(w,q){w[q]=w[q]||[];w[q].push([\"_mgc.load\"])})(window,\"_mgq\");\r\n<\/script>\r\n\n<\/div>\n<p>Pa p\u00ebrjashtim t\u00eb gjith\u00eb deputet\u00ebt e Partis\u00eb Demokratike jan\u00eb angazhuar p\u00ebr t\u00eb kund\u00ebrshtuar nj\u00ebz\u00ebri hetimet e SPAK p\u00ebr Sali Berish\u00ebn referuar privatizimit t\u00eb \u201cPartizanit\u201d.<\/p>\n<p>S\u00eb fundmi, Edi Paloka e cil\u00ebsoi aksionin e SPAK nj\u00eb show t\u00eb radh\u00ebs, nd\u00ebrsa ironizoi kryeministrin Rama p\u00ebr t\u00eb cilin pa fakte tha se i ka vjedhur pron\u00ebn.<\/p>\n<p>Paloka u shpreh mes ironis\u00eb se Berisha i bie q\u00eb t\u00eb ket\u00eb korruptuar presidentin (asokohe Alfred Moisiu).<\/p>\n<p>\u201c\u00cbsht\u00eb akt i nd\u00ebrmarr\u00eb me urdh\u00ebr t\u00eb Ram\u00ebs. Kemi t\u00eb b\u00ebjm\u00eb me nj\u00eb akt politik dhe SPAK \u00ebsht\u00eb p\u00ebrdorur p\u00ebr k\u00ebt\u00eb \u00e7\u00ebshtje. As Jamarb\u00ebr Malltezi dhe Berisha nuk jan\u00eb t\u00eb pandehur, por persona n\u00ebn hetim. A korruptoi Berisha presidentin Socialist?! (Alfred Moisiun). Malltezi nuk ka qen\u00eb n\u00eb pushtet. Ai akuzohet p\u00ebr korrupsion pasiv, pra kur e pranon korrupsionin dhe jo aktiv, pra kur jep para. Malltezi n\u00ebse ka marr\u00eb pron\u00ebn, ka marr\u00eb pron\u00ebn e vet\u00eb sipas ligjit. Mua Edi Rama ma mori pron\u00ebn time, s\u2019ma ka dh\u00ebn\u00eb. E kam \u00e7uar n\u00eb Strasburg. Un\u00eb se mora dot, ky e mori, kjo nuk \u00ebsht\u00eb shkelje. Ku \u00ebsht\u00eb abuzimi k\u00ebtu?!\u201d, tha Paloka.<\/p>\n\n<div style=\"font-size: 0px; height: 0px; line-height: 0px; margin: 0; padding: 0; clear: both;\"><\/div>","protected":false},"excerpt":{"rendered":"<p>Pa p\u00ebrjashtim t\u00eb gjith\u00eb deputet\u00ebt e Partis\u00eb Demokratike jan\u00eb angazhuar p\u00ebr t\u00eb kund\u00ebrshtuar nj\u00ebz\u00ebri hetimet e SPAK p\u00ebr Sali Berish\u00ebn referuar privatizimit t\u00eb \u201cPartizanit\u201d. S\u00eb fundmi, Edi&#8230; <\/p>\n","protected":false},"author":1,"featured_media":5027,"comment_status":"open","ping_status":"open","sticky":false,"template":"","format":"standard","meta":{"footnotes":""},"categories":[6],"tags":[],"class_list":["post-5026","post","type-post","status-publish","format-standard","has-post-thumbnail","hentry","category-lajme"],"_links":{"self":[{"href":"https:\/\/new.findnews5.com\/index.php?rest_route=\/wp\/v2\/posts\/5026","targetHints":{"allow":["GET"]}}],"collection":[{"href":"https:\/\/new.findnews5.com\/index.php?rest_route=\/wp\/v2\/posts"}],"about":[{"href":"https:\/\/new.findnews5.com\/index.php?rest_route=\/wp\/v2\/types\/post"}],"author":[{"embeddable":true,"href":"https:\/\/new.findnews5.com\/index.php?rest_route=\/wp\/v2\/users\/1"}],"replies":[{"embeddable":true,"href":"https:\/\/new.findnews5.com\/index.php?rest_route=%2Fwp%2Fv2%2Fcomments&post=5026"}],"version-history":[{"count":0,"href":"https:\/\/new.findnews5.com\/index.php?rest_route=\/wp\/v2\/posts\/5026\/revisions"}],"wp:featuredmedia":[{"embeddable":true,"href":"https:\/\/new.findnews5.com\/index.php?rest_route=\/wp\/v2\/media\/5027"}],"wp:attachment":[{"href":"https:\/\/new.findnews5.com\/index.php?rest_route=%2Fwp%2Fv2%2Fmedia&parent=5026"}],"wp:term":[{"taxonomy":"category","embeddable":true,"href":"https:\/\/new.findnews5.com\/index.php?rest_route=%2Fwp%2Fv2%2Fcategories&post=5026"},{"taxonomy":"post_tag","embeddable":true,"href":"https:\/\/new.findnews5.com\/index.php?rest_route=%2Fwp%2Fv2%2Ftags&post=5026"}],"curies":[{"name":"wp","href":"https:\/\/api.w.org\/{rel}","templated":true}]}}