{"id":5023,"date":"2023-10-22T15:25:34","date_gmt":"2023-10-22T15:25:34","guid":{"rendered":"https:\/\/new.findnews5.com\/?p=5023"},"modified":"2023-10-22T15:25:35","modified_gmt":"2023-10-22T15:25:35","slug":"me-kerkoi-maqedonia-por-i-thashe-qe-jam-shqiptar-asani-tregon-si-zgjodhi-kuqezinjte-une-nje-kombetare-kam-plotesova-dhe-endrren-e-babit","status":"publish","type":"post","link":"https:\/\/new.findnews5.com\/?p=5023","title":{"rendered":"\u201cM\u00eb k\u00ebrkoi Maqedonia, por i thash\u00eb q\u00eb jam shqiptar\u201d, Asani tregon si zgjodhi kuqezinjt\u00eb: Un\u00eb nj\u00eb Komb\u00ebtare kam, plot\u00ebsova dhe \u00ebndrr\u00ebn e babit"},"content":{"rendered":"<div class=\"78954ae5fa42b68c1393fe3da4998882\" data-index=\"1\" style=\"float: none; margin:0px 0 0px 0; text-align:center;\">\n<div data-type=\"_mgwidget\" data-widget-id=\"1576712\">\r\n<\/div>\r\n<script>(function(w,q){w[q]=w[q]||[];w[q].push([\"_mgc.load\"])})(window,\"_mgq\");\r\n<\/script>\r\n\n<\/div>\n<p>Jasir Asani \u00ebsht\u00eb padyshim njeriu i momentit n\u00eb Komb\u00ebtaren shqiptare. Sulmuesi nga Shkupi ka qen\u00eb vendimtar p\u00ebr kuqezinjt\u00eb, teksa me golat dhe asistet e tij ka ndihmuar ekipin komb\u00ebtar t\u00eb jet\u00eb vet\u00ebm nj\u00eb pik\u00eb larg Kampionatit Europian. I ftuar n\u00eb \u201cM\u00eb l\u00ebr t\u00eb flas\u201d n\u00eb \u201cTop Channel\u201d, Asani ka treguar m\u00eb tep\u00ebr rreth zgjedhjes s\u00eb tij p\u00ebr t\u00eb veshur fanell\u00ebn kuqezi. Ai ka pohuar se n\u00eb monentin q\u00eb FSHF-ja e ka kontaktuar p\u00ebr her\u00eb t\u00eb par\u00eb, ka th\u00ebn\u00eb menj\u00ebher\u00eb \u201cpo\u201d.<\/p>\n<p>\u201cKur isha 17 vje\u00e7 isha me Komb\u00ebtaren e Maqedonis\u00eb s\u00eb Veriut n\u00eb Antalia. Aty m\u00eb telefonojn\u00eb nga Komb\u00ebtarja shqiptare dhe m\u00eb thon\u00eb se: \u201cNa p\u00eblqen si lojtar dhe duam t\u00eb t\u00eb shohim nga af\u00ebr\u201d. N\u00eb moment i ka th\u00ebn\u00eb \u2018po\u2019. Pastaj kam marr\u00eb babin n\u00eb telefon dhe i kam th\u00ebn\u00eb: \u2018Babi, t\u2019u plot\u00ebsua \u00ebndrra. Do t\u00eb luaj p\u00ebr Komb\u00ebtaren shqiptare\u2019.<\/p>\n<p>Kam pritur 7 vite p\u00ebr t\u00eb luajtur me Komb\u00ebtaren. M\u00eb kan\u00eb k\u00ebrkuar edhe te Maqedonia e Veriut, sepse trajner ka qen\u00eb trajneri q\u00eb m\u00eb ka st\u00ebrvitur te Vardari. Ai m\u00eb njihte. Por un\u00eb i thash\u00eb: \u2018Ne jemi shqiptar\u00eb\u2019. Un\u00eb kam lindur n\u00eb Maqedoni, por jam shqiptar. Ne vet\u00ebm nj\u00eb Komb\u00ebtare kemi, nuk kemi tjet\u00ebr\u201d, ka th\u00ebn\u00eb Jasir Asani.\/Halit Delibashi-Sport Ekspres\/<\/p>\n\n<div style=\"font-size: 0px; height: 0px; line-height: 0px; margin: 0; padding: 0; clear: both;\"><\/div>","protected":false},"excerpt":{"rendered":"<p>Jasir Asani \u00ebsht\u00eb padyshim njeriu i momentit n\u00eb Komb\u00ebtaren shqiptare. Sulmuesi nga Shkupi ka qen\u00eb vendimtar p\u00ebr kuqezinjt\u00eb, teksa me golat dhe asistet e tij ka ndihmuar&#8230; <\/p>\n","protected":false},"author":1,"featured_media":5024,"comment_status":"open","ping_status":"open","sticky":false,"template":"","format":"standard","meta":{"footnotes":""},"categories":[6],"tags":[],"class_list":["post-5023","post","type-post","status-publish","format-standard","has-post-thumbnail","hentry","category-lajme"],"_links":{"self":[{"href":"https:\/\/new.findnews5.com\/index.php?rest_route=\/wp\/v2\/posts\/5023","targetHints":{"allow":["GET"]}}],"collection":[{"href":"https:\/\/new.findnews5.com\/index.php?rest_route=\/wp\/v2\/posts"}],"about":[{"href":"https:\/\/new.findnews5.com\/index.php?rest_route=\/wp\/v2\/types\/post"}],"author":[{"embeddable":true,"href":"https:\/\/new.findnews5.com\/index.php?rest_route=\/wp\/v2\/users\/1"}],"replies":[{"embeddable":true,"href":"https:\/\/new.findnews5.com\/index.php?rest_route=%2Fwp%2Fv2%2Fcomments&post=5023"}],"version-history":[{"count":0,"href":"https:\/\/new.findnews5.com\/index.php?rest_route=\/wp\/v2\/posts\/5023\/revisions"}],"wp:featuredmedia":[{"embeddable":true,"href":"https:\/\/new.findnews5.com\/index.php?rest_route=\/wp\/v2\/media\/5024"}],"wp:attachment":[{"href":"https:\/\/new.findnews5.com\/index.php?rest_route=%2Fwp%2Fv2%2Fmedia&parent=5023"}],"wp:term":[{"taxonomy":"category","embeddable":true,"href":"https:\/\/new.findnews5.com\/index.php?rest_route=%2Fwp%2Fv2%2Fcategories&post=5023"},{"taxonomy":"post_tag","embeddable":true,"href":"https:\/\/new.findnews5.com\/index.php?rest_route=%2Fwp%2Fv2%2Ftags&post=5023"}],"curies":[{"name":"wp","href":"https:\/\/api.w.org\/{rel}","templated":true}]}}