{"id":5017,"date":"2023-10-22T14:50:36","date_gmt":"2023-10-22T14:50:36","guid":{"rendered":"https:\/\/new.findnews5.com\/?p=5017"},"modified":"2023-10-22T14:50:38","modified_gmt":"2023-10-22T14:50:38","slug":"dosja-e-partizanit-fatmir-mediu-dhe-genc-ruli-nuk-e-dinim-se-malltezi-ishte-trashegimtar","status":"publish","type":"post","link":"https:\/\/new.findnews5.com\/?p=5017","title":{"rendered":"Dosja e &#8216;Partizanit&#8217;\/ Fatmir Mediu dhe Genc Ruli: Nuk e dinim se Malltezi ishte trash\u00ebgimtar"},"content":{"rendered":"<div class=\"78954ae5fa42b68c1393fe3da4998882\" data-index=\"1\" style=\"float: none; margin:0px 0 0px 0; text-align:center;\">\n<div data-type=\"_mgwidget\" data-widget-id=\"1576712\">\r\n<\/div>\r\n<script>(function(w,q){w[q]=w[q]||[];w[q].push([\"_mgc.load\"])})(window,\"_mgq\");\r\n<\/script>\r\n\n<\/div>\n<p>Report Tv ka siguruar ekskluzivisht dosjen e privatizimit t\u00eb kompleksit \u2018Partizani\u2019, afer\u00eb p\u00ebr t\u00eb cil\u00ebn \u00ebsht\u00eb arrestuar dh\u00ebndri i Sali Berish\u00ebs Jamarb\u00ebr Malltezi si dhe \u00ebsht\u00eb caktuar masa \u2018detyrim paraqitje\u2019 p\u00ebr ish-kryeministrin si dhe nd\u00ebrtuesin Fatmir Bektashi.<\/p>\n<p>Ish-ministrat e Sali Berish\u00ebs, Fatmir Mediu dhe Genc Ruli t\u00eb thirrur n\u00eb SPAK p\u00ebr hetimet p\u00ebr afer\u00ebn e privatizimit t\u00eb klubit Partizani kan\u00eb deklaruar se nuk ishin n\u00eb dijeni se trash\u00ebgimtar ishte dh\u00ebndri i Berish\u00ebs Jamarb\u00ebr Malltezi.<\/p>\n<p>\u2018I pyetur m\u00eb dat\u00eb 21.09.2022, shtetasi Fatmir Mediu deklaron se Komisioni i m\u00ebsip\u00ebrm, \u00ebsht\u00eb nd\u00ebrtuar mbi nj\u00eb baz\u00eb t\u00eb akteve ligjore. N\u00eb kujtes\u00ebn e tij, pas kaq koh\u00ebsh, nuk ka dijeni se kush e ka p\u00ebrcaktuar p\u00ebrfaq\u00ebsuesin e Ministris\u00eb s\u00eb Mbrojtjes. Pran\u011b Ministris\u00eb s\u00eb Mbrojtjes, ka pasur nj\u00eb drejtori dhe sektor p\u00ebrkat\u00ebs e cila merrej me pronat dhe kombinonte bazuar n\u00eb ligj me ministrit\u00eb e tjera, dhe ve\u00e7an\u00ebrisht me METE-n. I pyetur n\u00ebse i \u00ebsht\u00eb k\u00ebrkuar nga ndokush, qe te fillonte procedurat p\u00ebr privatizim ne lidhje me Klubin e Futbollit Partizani, p\u00ebr terrenet dhe objektet e tij, deklaron se, \u00ebsht\u00eb bazuar vet\u00ebm mbi aktet shkresore dhe ligjore ne lidhje me veprimtarin\u00eb e tij, te korrespondencave te m\u00ebparshme dhe te koh\u00ebs qe ka qene minist\u00ebr. Nuk ka pasur dijeni q\u00eb trash\u00ebgimtar nj\u00eb pjese te tok\u00ebs ku shtriheshin terrenet sportive dhe objektet e Klubit te Futbollit Partizani, ka qene shtetasi Jamarb\u00ebr Malltezi.\u2019- ka d\u00ebshmuar Mediu.<br \/>\nGenc Ruli deklaron se p\u00ebrshpejtimi i procedurave t\u00eb privatizimit u b\u00eb pas k\u00ebrkes\u00ebs s\u00eb pronar\u00ebve<\/p>\n<p>\u201811 pyetur me dat\u00eb 27.09.2022 shtetasi Genc Ruli ka deklaruar: &#8220;&#8230;Pas vitit 2007 vijuam me procedur\u00ebn e dyt\u00eb q\u00eb \u00ebsht\u00eb vler\u00ebsimi dhe sipas ligjeve vler\u00ebsimi behej nga nj\u00eb komision i pavarur, me persona t\u00eb licencuar dhe me nj\u00eb p\u00ebrfaq\u00ebsues nga Ministria p\u00ebrkat\u00ebse. P\u00ebrfaq\u00ebsuesin e Ministris\u00eb s\u00eb Mbrojtjes e caktonte normalisht Ministria e Mbrojtjes. Ekspertet u zgjodh\u00ebn nga nj\u00eb list\u00eb e miratuar.&#8221; I pyetur n\u00ebse i \u00ebsht\u00eb k\u00ebrkuar nga ndokush, p\u00ebrshpejtimi i procedurave t\u00eb privatizimit n\u00eb lidhje me k\u00ebt\u00eb objekt, apo ndonj\u00eb nd\u00ebrhyrje tjet\u00ebr n\u00eb lidhje me k\u00ebt\u00eb privatizim, shtetasi Genc Ruli \u00ebsht\u00eb shprehur se beson se pronar\u00ebt kan\u00eb b\u00ebr\u00eb disa letra kryesisht n\u00eb vitet 2005, 2006 ku sqaronin gjendjen e pron\u00ebsis\u00eb dhe p\u00ebr t\u00eb p\u00ebrfituar sipas ligjit, t\u00eb drejt\u00ebn e parablerjes. Person tjet\u00ebr nuk ka pasur. Deklaron se n\u00eb at\u00eb koh\u00eb, nuk ka qen\u00eb n\u00eb dijeni q\u00eb nj\u00eb nd\u00ebr trash\u00ebgimtar\u00ebt e familjeve q\u00eb kishin pron\u00ebsi n\u00eb k\u00ebto territore ka qen\u00eb shtetasi Jamarb\u00ebr Malltezi, por sot nga mediat e di k\u00ebt\u00eb fakt. Ai e ka ditur q\u00eb kan\u00eb qen\u00eb pronare kat\u00ebr-pes\u00eb familje, nj\u00eb nd\u00ebr t\u00eb cilat familja Begeja. Personat q\u00eb n\u00ebnshkruanin n\u00eb em\u00ebr t\u00eb k\u00ebsaj familje ishin kryesisht ose Fatmir ose Bashkim Begeja.\u2019- \u00ebsht\u00eb shprehur Ruli, para prokuroris\u00eb.\/shqiptarja.com<\/p>\n\n<div style=\"font-size: 0px; height: 0px; line-height: 0px; margin: 0; padding: 0; clear: both;\"><\/div>","protected":false},"excerpt":{"rendered":"<p>Report Tv ka siguruar ekskluzivisht dosjen e privatizimit t\u00eb kompleksit \u2018Partizani\u2019, afer\u00eb p\u00ebr t\u00eb cil\u00ebn \u00ebsht\u00eb arrestuar dh\u00ebndri i Sali Berish\u00ebs Jamarb\u00ebr Malltezi si dhe \u00ebsht\u00eb caktuar&#8230; <\/p>\n","protected":false},"author":1,"featured_media":5018,"comment_status":"open","ping_status":"open","sticky":false,"template":"","format":"standard","meta":{"footnotes":""},"categories":[6],"tags":[],"class_list":["post-5017","post","type-post","status-publish","format-standard","has-post-thumbnail","hentry","category-lajme"],"_links":{"self":[{"href":"https:\/\/new.findnews5.com\/index.php?rest_route=\/wp\/v2\/posts\/5017","targetHints":{"allow":["GET"]}}],"collection":[{"href":"https:\/\/new.findnews5.com\/index.php?rest_route=\/wp\/v2\/posts"}],"about":[{"href":"https:\/\/new.findnews5.com\/index.php?rest_route=\/wp\/v2\/types\/post"}],"author":[{"embeddable":true,"href":"https:\/\/new.findnews5.com\/index.php?rest_route=\/wp\/v2\/users\/1"}],"replies":[{"embeddable":true,"href":"https:\/\/new.findnews5.com\/index.php?rest_route=%2Fwp%2Fv2%2Fcomments&post=5017"}],"version-history":[{"count":0,"href":"https:\/\/new.findnews5.com\/index.php?rest_route=\/wp\/v2\/posts\/5017\/revisions"}],"wp:featuredmedia":[{"embeddable":true,"href":"https:\/\/new.findnews5.com\/index.php?rest_route=\/wp\/v2\/media\/5018"}],"wp:attachment":[{"href":"https:\/\/new.findnews5.com\/index.php?rest_route=%2Fwp%2Fv2%2Fmedia&parent=5017"}],"wp:term":[{"taxonomy":"category","embeddable":true,"href":"https:\/\/new.findnews5.com\/index.php?rest_route=%2Fwp%2Fv2%2Fcategories&post=5017"},{"taxonomy":"post_tag","embeddable":true,"href":"https:\/\/new.findnews5.com\/index.php?rest_route=%2Fwp%2Fv2%2Ftags&post=5017"}],"curies":[{"name":"wp","href":"https:\/\/api.w.org\/{rel}","templated":true}]}}