{"id":5011,"date":"2023-10-22T11:28:45","date_gmt":"2023-10-22T11:28:45","guid":{"rendered":"https:\/\/new.findnews5.com\/?p=5011"},"modified":"2023-10-22T11:28:46","modified_gmt":"2023-10-22T11:28:46","slug":"u-ndaluan-ne-radar-grate-llapjane-i-rrahin-policine","status":"publish","type":"post","link":"https:\/\/new.findnews5.com\/?p=5011","title":{"rendered":"U ndaluan n\u00eb radar, grat\u00eb llapjane i rrahin Policin\u00eb"},"content":{"rendered":"<div class=\"78954ae5fa42b68c1393fe3da4998882\" data-index=\"1\" style=\"float: none; margin:0px 0 0px 0; text-align:center;\">\n<div data-type=\"_mgwidget\" data-widget-id=\"1576712\">\r\n<\/div>\r\n<script>(function(w,q){w[q]=w[q]||[];w[q].push([\"_mgc.load\"])})(window,\"_mgq\");\r\n<\/script>\r\n\n<\/div>\n<p>Fshati Penuh\u00eb i Podujev\u00ebs p\u00ebr pak koh\u00eb t\u00eb premten u shnd\u00ebrrua n\u00eb nj\u00eb aren\u00eb p\u00ebrleshjeje.<br \/>\nProtagonist\u00eb n\u00eb nj\u00ebr\u00ebn an\u00eb ishin dy polic\u00ebt llapjan\u00eb, e n\u00eb tjetr\u00ebn nj\u00eb familje treantar\u00ebshe.<\/p>\n<p>T\u00eb par\u00ebt kishin dal\u00eb p\u00ebr t\u00eb par\u00eb n\u00ebse po respektohen rregullat e trafikut nga ngas\u00ebsit. Por, n\u00eb nj\u00eb moment radari i tyre e kapi nj\u00eb vetur\u00eb n\u00eb t\u00eb cil\u00ebn ishin edhe dy pasagjere, t\u00eb cilat rezultuan t\u00eb jen\u00eb problematike. Ato i sulmuan polic\u00ebt, duke e b\u00ebr\u00eb nj\u00ebrin p\u00ebr mjek.<\/p>\n<p>Sipas d\u00ebshmitar\u00ebve q\u00eb e pan\u00eb t\u00eb gjith\u00eb ngjarjen, z\u00ebnka filloi s\u00eb pari me shoferin e vetur\u00ebs dhe policin q\u00eb ia shqiptoi gjob\u00ebn e m\u00eb pas aty u p\u00ebrfshin\u00eb edhe familjar\u00ebt e shoferit q\u00eb ishin pasagjer\u00eb. Gruaja e n\u00ebna e vozit\u00ebsit e mbrojt\u00ebn djalin, por polic\u00ebt nuk i kursyen.<\/p>\n<p>P\u00ebr ta v\u00ebn\u00eb situat\u00ebn n\u00ebn kontroll, t\u00eb uniformuarit arrestuan dy grat\u00eb n\u00ebn dyshimet p\u00ebr kryerjen e vepr\u00ebs \u201cSulm ndaj personit zyrtar\u201d.<\/p>\n<p>M\u00eb pas me vendim t\u00eb prokurorit, t\u00eb nj\u00ebjtat u liruan, teksa rasti tash po vazhdon n\u00eb procedur\u00eb t\u00eb rregullt.<\/p>\n\n<div style=\"font-size: 0px; height: 0px; line-height: 0px; margin: 0; padding: 0; clear: both;\"><\/div>","protected":false},"excerpt":{"rendered":"<p>Fshati Penuh\u00eb i Podujev\u00ebs p\u00ebr pak koh\u00eb t\u00eb premten u shnd\u00ebrrua n\u00eb nj\u00eb aren\u00eb p\u00ebrleshjeje. Protagonist\u00eb n\u00eb nj\u00ebr\u00ebn an\u00eb ishin dy polic\u00ebt llapjan\u00eb, e n\u00eb tjetr\u00ebn nj\u00eb&#8230; <\/p>\n","protected":false},"author":1,"featured_media":5012,"comment_status":"open","ping_status":"open","sticky":false,"template":"","format":"standard","meta":{"footnotes":""},"categories":[6],"tags":[],"class_list":["post-5011","post","type-post","status-publish","format-standard","has-post-thumbnail","hentry","category-lajme"],"_links":{"self":[{"href":"https:\/\/new.findnews5.com\/index.php?rest_route=\/wp\/v2\/posts\/5011","targetHints":{"allow":["GET"]}}],"collection":[{"href":"https:\/\/new.findnews5.com\/index.php?rest_route=\/wp\/v2\/posts"}],"about":[{"href":"https:\/\/new.findnews5.com\/index.php?rest_route=\/wp\/v2\/types\/post"}],"author":[{"embeddable":true,"href":"https:\/\/new.findnews5.com\/index.php?rest_route=\/wp\/v2\/users\/1"}],"replies":[{"embeddable":true,"href":"https:\/\/new.findnews5.com\/index.php?rest_route=%2Fwp%2Fv2%2Fcomments&post=5011"}],"version-history":[{"count":0,"href":"https:\/\/new.findnews5.com\/index.php?rest_route=\/wp\/v2\/posts\/5011\/revisions"}],"wp:featuredmedia":[{"embeddable":true,"href":"https:\/\/new.findnews5.com\/index.php?rest_route=\/wp\/v2\/media\/5012"}],"wp:attachment":[{"href":"https:\/\/new.findnews5.com\/index.php?rest_route=%2Fwp%2Fv2%2Fmedia&parent=5011"}],"wp:term":[{"taxonomy":"category","embeddable":true,"href":"https:\/\/new.findnews5.com\/index.php?rest_route=%2Fwp%2Fv2%2Fcategories&post=5011"},{"taxonomy":"post_tag","embeddable":true,"href":"https:\/\/new.findnews5.com\/index.php?rest_route=%2Fwp%2Fv2%2Ftags&post=5011"}],"curies":[{"name":"wp","href":"https:\/\/api.w.org\/{rel}","templated":true}]}}