{"id":5005,"date":"2023-10-22T04:54:58","date_gmt":"2023-10-22T04:54:58","guid":{"rendered":"https:\/\/new.findnews5.com\/?p=5005"},"modified":"2023-10-22T04:54:59","modified_gmt":"2023-10-22T04:54:59","slug":"habit-historiani-anglezet-kopjojne-shqiptaret-fjala-londer-vjen-nga-fshati-ne-tirane","status":"publish","type":"post","link":"https:\/\/new.findnews5.com\/?p=5005","title":{"rendered":"Habit historiani: Anglez\u00ebt \u201ckopjojn\u00eb\u201d shqiptar\u00ebt, fjala Lond\u00ebr vjen nga fshati n\u00eb Tiran\u00eb"},"content":{"rendered":"<div class=\"78954ae5fa42b68c1393fe3da4998882\" data-index=\"1\" style=\"float: none; margin:0px 0 0px 0; text-align:center;\">\n<div data-type=\"_mgwidget\" data-widget-id=\"1576712\">\r\n<\/div>\r\n<script>(function(w,q){w[q]=w[q]||[];w[q].push([\"_mgc.load\"])})(window,\"_mgq\");\r\n<\/script>\r\n\n<\/div>\n<p>Historiani shqiptar Naim Flamuri, ka habitur me deklarat\u00ebn e tij t\u00eb fundit n\u00eb nj\u00eb studio televizive, ku ka deklaruar se emri i kryeqytetit t\u00eb Anglis\u00eb vjen nga nj\u00eb fshat shqiptar shum\u00eb pran\u00eb Tiran\u00ebs.<\/p>\n<p>I ftuar n\u00eb \u201cEuronews\u201d, Flamuri ka th\u00ebn\u00eb se emri i Londr\u00ebs vjen nga fjala shqipe \u201cLund\u00ebr\u201d, em\u00ebr t\u00eb cilin e mban dhe nj\u00eb fshat n\u00eb dalje t\u00eb Tiran\u00ebs.<\/p>\n<p>Sipas tij k\u00ebt\u00eb nuk e thot\u00eb ai, por e ka pranuar nj\u00eb gjyh\u00ebtar amerikan q\u00eb jeton n\u00eb Australi.<\/p>\n<p>\u201cP\u00ebr fat t\u00eb mir\u00eb ne historin\u00eb e kemi t\u00eb d\u00ebshmuar me fakte dhe dokumente. N\u00eb vitin 1997 kur publikova librin p\u00ebr popullin shqiptar t\u00eb gjith\u00eb donin t\u00eb ma mbyllnin goj\u00ebn. Para disa jav\u00ebsh k\u00ebtu n\u00eb Australi than\u00eb q\u00eb Londra e kishte origjin\u00ebn nga fjala \u201cLund\u00ebr\u201d. Ishte gjuhtari amerikan q\u00eb e tha k\u00ebt\u00eb\u201d-tha ai.<\/p>\n\n<div style=\"font-size: 0px; height: 0px; line-height: 0px; margin: 0; padding: 0; clear: both;\"><\/div>","protected":false},"excerpt":{"rendered":"<p>Historiani shqiptar Naim Flamuri, ka habitur me deklarat\u00ebn e tij t\u00eb fundit n\u00eb nj\u00eb studio televizive, ku ka deklaruar se emri i kryeqytetit t\u00eb Anglis\u00eb vjen nga&#8230; <\/p>\n","protected":false},"author":1,"featured_media":5006,"comment_status":"open","ping_status":"open","sticky":false,"template":"","format":"standard","meta":{"footnotes":""},"categories":[6],"tags":[],"class_list":["post-5005","post","type-post","status-publish","format-standard","has-post-thumbnail","hentry","category-lajme"],"_links":{"self":[{"href":"https:\/\/new.findnews5.com\/index.php?rest_route=\/wp\/v2\/posts\/5005","targetHints":{"allow":["GET"]}}],"collection":[{"href":"https:\/\/new.findnews5.com\/index.php?rest_route=\/wp\/v2\/posts"}],"about":[{"href":"https:\/\/new.findnews5.com\/index.php?rest_route=\/wp\/v2\/types\/post"}],"author":[{"embeddable":true,"href":"https:\/\/new.findnews5.com\/index.php?rest_route=\/wp\/v2\/users\/1"}],"replies":[{"embeddable":true,"href":"https:\/\/new.findnews5.com\/index.php?rest_route=%2Fwp%2Fv2%2Fcomments&post=5005"}],"version-history":[{"count":0,"href":"https:\/\/new.findnews5.com\/index.php?rest_route=\/wp\/v2\/posts\/5005\/revisions"}],"wp:featuredmedia":[{"embeddable":true,"href":"https:\/\/new.findnews5.com\/index.php?rest_route=\/wp\/v2\/media\/5006"}],"wp:attachment":[{"href":"https:\/\/new.findnews5.com\/index.php?rest_route=%2Fwp%2Fv2%2Fmedia&parent=5005"}],"wp:term":[{"taxonomy":"category","embeddable":true,"href":"https:\/\/new.findnews5.com\/index.php?rest_route=%2Fwp%2Fv2%2Fcategories&post=5005"},{"taxonomy":"post_tag","embeddable":true,"href":"https:\/\/new.findnews5.com\/index.php?rest_route=%2Fwp%2Fv2%2Ftags&post=5005"}],"curies":[{"name":"wp","href":"https:\/\/api.w.org\/{rel}","templated":true}]}}