{"id":4984,"date":"2023-10-22T00:39:53","date_gmt":"2023-10-22T00:39:53","guid":{"rendered":"https:\/\/new.findnews5.com\/?p=4984"},"modified":"2023-10-22T00:39:54","modified_gmt":"2023-10-22T00:39:54","slug":"policia-ne-seline-e-pd-se-raportohet-se-pritet-ti-merret-pasaporta-sali-berishes","status":"publish","type":"post","link":"https:\/\/new.findnews5.com\/?p=4984","title":{"rendered":"Policia n\u00eb selin\u00eb e PD-s\u00eb, raportohet se pritet t\u2019i merret pasaporta Sali Berish\u00ebs"},"content":{"rendered":"<div class=\"78954ae5fa42b68c1393fe3da4998882\" data-index=\"1\" style=\"float: none; margin:0px 0 0px 0; text-align:center;\">\n<div data-type=\"_mgwidget\" data-widget-id=\"1576712\">\r\n<\/div>\r\n<script>(function(w,q){w[q]=w[q]||[];w[q].push([\"_mgc.load\"])})(window,\"_mgq\");\r\n<\/script>\r\n\n<\/div>\n<p>Punonj\u00ebsit e policis\u00eb kan\u00eb mb\u00ebrritur n\u00eb selin\u00eb blu p\u00ebr t\u2019i marr\u00eb pasaport\u00ebn Sali Berish\u00ebs si dhe p\u00ebr t\u2019i komunikuar mas\u00ebn e siguris\u00eb \u201cdetyrim paraqitjeje.\u201d K\u00ebshtu raportojn\u00eb mediat n\u00eb Shqip\u00ebri, p\u00ebr zhvillimet e fundit atje.<\/p>\n<p>Kreu i \u201cRithemelimit\u201d akuzohet nga SPAK p\u00ebr korrupsion pasiv dhe p\u00ebr pastrim parash p\u00ebr \u00e7\u00ebshtjen e privatizimit t\u00eb kompleksit \u201cPartizani\u201d.<\/p>\n<p>M\u00eb her\u00ebt gjat\u00eb mbr\u00ebmjes t\u00eb s\u00eb shtun\u00ebs, Berisha deklaroi se akuzat ndaj tij jan\u00eb t\u00eb pabaza dhe i cil\u00ebsoi si sulm politik.<\/p>\n<p>Nga selia blu, Sali Berisha pas lajmit p\u00ebr arrestimin e dh\u00ebndrit t\u00eb tij, Jamarb\u00ebr Malltezi dhe detyrim paraqitje p\u00ebr t\u00eb, tha se Edi Rama ka hyr\u00eb n\u00eb agonin\u00eb e tij politike.<\/p>\n<p>\u201cEdi Rama ka hyr\u00eb n\u00eb agonin\u00eb e tij politike. Ai i tronditur gjer n\u00eb palc\u00eb nga krimet e tij dhe aferat n\u00eb t\u00eb cilat nuk ka drejt\u00ebsi n\u00eb bot\u00eb q\u00eb e shp\u00ebton. Rama ka humbur mandatin e deputeti me tenderat q\u00eb ka fituar thjeshtra e tij me kompanin\u00eb e saj, me tenderat q\u00eb ka fituar burri i motr\u00ebs s\u00eb Linda Ram\u00ebs, apo me implikimin e saj n\u00eb bordet e Ram\u00ebs\u201d.<\/p>\n\n<div style=\"font-size: 0px; height: 0px; line-height: 0px; margin: 0; padding: 0; clear: both;\"><\/div>","protected":false},"excerpt":{"rendered":"<p>Punonj\u00ebsit e policis\u00eb kan\u00eb mb\u00ebrritur n\u00eb selin\u00eb blu p\u00ebr t\u2019i marr\u00eb pasaport\u00ebn Sali Berish\u00ebs si dhe p\u00ebr t\u2019i komunikuar mas\u00ebn e siguris\u00eb \u201cdetyrim paraqitjeje.\u201d K\u00ebshtu raportojn\u00eb mediat&#8230; <\/p>\n","protected":false},"author":1,"featured_media":4985,"comment_status":"open","ping_status":"open","sticky":false,"template":"","format":"standard","meta":{"footnotes":""},"categories":[6],"tags":[],"class_list":["post-4984","post","type-post","status-publish","format-standard","has-post-thumbnail","hentry","category-lajme"],"_links":{"self":[{"href":"https:\/\/new.findnews5.com\/index.php?rest_route=\/wp\/v2\/posts\/4984","targetHints":{"allow":["GET"]}}],"collection":[{"href":"https:\/\/new.findnews5.com\/index.php?rest_route=\/wp\/v2\/posts"}],"about":[{"href":"https:\/\/new.findnews5.com\/index.php?rest_route=\/wp\/v2\/types\/post"}],"author":[{"embeddable":true,"href":"https:\/\/new.findnews5.com\/index.php?rest_route=\/wp\/v2\/users\/1"}],"replies":[{"embeddable":true,"href":"https:\/\/new.findnews5.com\/index.php?rest_route=%2Fwp%2Fv2%2Fcomments&post=4984"}],"version-history":[{"count":0,"href":"https:\/\/new.findnews5.com\/index.php?rest_route=\/wp\/v2\/posts\/4984\/revisions"}],"wp:featuredmedia":[{"embeddable":true,"href":"https:\/\/new.findnews5.com\/index.php?rest_route=\/wp\/v2\/media\/4985"}],"wp:attachment":[{"href":"https:\/\/new.findnews5.com\/index.php?rest_route=%2Fwp%2Fv2%2Fmedia&parent=4984"}],"wp:term":[{"taxonomy":"category","embeddable":true,"href":"https:\/\/new.findnews5.com\/index.php?rest_route=%2Fwp%2Fv2%2Fcategories&post=4984"},{"taxonomy":"post_tag","embeddable":true,"href":"https:\/\/new.findnews5.com\/index.php?rest_route=%2Fwp%2Fv2%2Ftags&post=4984"}],"curies":[{"name":"wp","href":"https:\/\/api.w.org\/{rel}","templated":true}]}}