{"id":4978,"date":"2023-10-21T20:15:12","date_gmt":"2023-10-21T20:15:12","guid":{"rendered":"https:\/\/new.findnews5.com\/?p=4978"},"modified":"2023-10-21T20:15:13","modified_gmt":"2023-10-21T20:15:13","slug":"mihrije-braha-tregon-sekretin-pse-nuk-i-dhemb-asnjeher-koka","status":"publish","type":"post","link":"https:\/\/new.findnews5.com\/?p=4978","title":{"rendered":"Mihrije Braha tregon sekretin pse nuk i dhemb asnjeher koka"},"content":{"rendered":"<div class=\"78954ae5fa42b68c1393fe3da4998882\" data-index=\"1\" style=\"float: none; margin:0px 0 0px 0; text-align:center;\">\n<div data-type=\"_mgwidget\" data-widget-id=\"1576712\">\r\n<\/div>\r\n<script>(function(w,q){w[q]=w[q]||[];w[q].push([\"_mgc.load\"])})(window,\"_mgq\");\r\n<\/script>\r\n\n<\/div>\n<p>K\u00ebng\u00ebtarja shum\u00eb e dashur p\u00ebr publikun, Mihrije Braha ka rr\u00ebfyer n\u00eb nj\u00eb intervist\u00eb q\u00eb ka dh\u00ebn\u00eb s\u00eb fundmi se nuk ka pasur kurr\u00eb dhimbje koke.<\/p>\n<p>K\u00ebng\u00ebtarja p\u00ebrmendi disa gj\u00ebra q\u00eb b\u00ebn p\u00ebr t\u00eb mos e provuar kurr\u00eb k\u00ebt\u00eb dhimbje, duke nisur nga gjumi e deri te mendimet me t\u00eb cilat e \u201cushqen\u201d veten.<\/p>\n<p>\u201cM\u00ebnyra se si e b\u00ebj jetes\u00ebn, si e jetoj mendon se \u00ebsht\u00eb nj\u00eb plus. Fle mir\u00eb, mendoj vet\u00ebm gj\u00ebra t\u00eb bukura dhe mendja, syt\u00eb, vesh\u00ebt e mi e duan vet\u00ebm t\u00eb mir\u00ebn dhe an\u00ebn e err\u00ebt dhe negative, jo q\u00eb nuk e dua, po nuk ma pranon as syri, as veshi dhe as mendja. K\u00ebshtu q\u00eb nuk e ngarkoj veten me gj\u00ebra q\u00eb nuk ia vlen.<\/p>\n<p>Nuk kam dhimbje koke asnj\u00eb her\u00eb. A ke d\u00ebgjuar ndonj\u00ebher\u00eb q\u00eb njeriut t\u00eb mos i dhemb\u00eb koka asnj\u00ebher\u00eb. Un\u00eb nuk e di si \u00ebsht\u00eb t\u00eb jet\u00eb njeriu me dhimbje koke. Mandej e kam dhe pjes\u00ebn e bukur t\u00eb jet\u00ebs q\u00eb e kam gjithmon\u00eb Naimin n\u00eb krah dhe nuk ma prish disponimin\u201d, tha ajo.<\/p>\n\n<div style=\"font-size: 0px; height: 0px; line-height: 0px; margin: 0; padding: 0; clear: both;\"><\/div>","protected":false},"excerpt":{"rendered":"<p>K\u00ebng\u00ebtarja shum\u00eb e dashur p\u00ebr publikun, Mihrije Braha ka rr\u00ebfyer n\u00eb nj\u00eb intervist\u00eb q\u00eb ka dh\u00ebn\u00eb s\u00eb fundmi se nuk ka pasur kurr\u00eb dhimbje koke. K\u00ebng\u00ebtarja p\u00ebrmendi&#8230; <\/p>\n","protected":false},"author":1,"featured_media":4979,"comment_status":"open","ping_status":"open","sticky":false,"template":"","format":"standard","meta":{"footnotes":""},"categories":[6],"tags":[],"class_list":["post-4978","post","type-post","status-publish","format-standard","has-post-thumbnail","hentry","category-lajme"],"_links":{"self":[{"href":"https:\/\/new.findnews5.com\/index.php?rest_route=\/wp\/v2\/posts\/4978","targetHints":{"allow":["GET"]}}],"collection":[{"href":"https:\/\/new.findnews5.com\/index.php?rest_route=\/wp\/v2\/posts"}],"about":[{"href":"https:\/\/new.findnews5.com\/index.php?rest_route=\/wp\/v2\/types\/post"}],"author":[{"embeddable":true,"href":"https:\/\/new.findnews5.com\/index.php?rest_route=\/wp\/v2\/users\/1"}],"replies":[{"embeddable":true,"href":"https:\/\/new.findnews5.com\/index.php?rest_route=%2Fwp%2Fv2%2Fcomments&post=4978"}],"version-history":[{"count":0,"href":"https:\/\/new.findnews5.com\/index.php?rest_route=\/wp\/v2\/posts\/4978\/revisions"}],"wp:featuredmedia":[{"embeddable":true,"href":"https:\/\/new.findnews5.com\/index.php?rest_route=\/wp\/v2\/media\/4979"}],"wp:attachment":[{"href":"https:\/\/new.findnews5.com\/index.php?rest_route=%2Fwp%2Fv2%2Fmedia&parent=4978"}],"wp:term":[{"taxonomy":"category","embeddable":true,"href":"https:\/\/new.findnews5.com\/index.php?rest_route=%2Fwp%2Fv2%2Fcategories&post=4978"},{"taxonomy":"post_tag","embeddable":true,"href":"https:\/\/new.findnews5.com\/index.php?rest_route=%2Fwp%2Fv2%2Ftags&post=4978"}],"curies":[{"name":"wp","href":"https:\/\/api.w.org\/{rel}","templated":true}]}}