{"id":4975,"date":"2023-10-21T20:02:28","date_gmt":"2023-10-21T20:02:28","guid":{"rendered":"https:\/\/new.findnews5.com\/?p=4975"},"modified":"2023-10-21T20:02:30","modified_gmt":"2023-10-21T20:02:30","slug":"skema-si-u-privatizua-kompleksi-partizani","status":"publish","type":"post","link":"https:\/\/new.findnews5.com\/?p=4975","title":{"rendered":"Skema\/ Si u privatizua kompleksi Partizani!"},"content":{"rendered":"<div class=\"78954ae5fa42b68c1393fe3da4998882\" data-index=\"1\" style=\"float: none; margin:0px 0 0px 0; text-align:center;\">\n<div data-type=\"_mgwidget\" data-widget-id=\"1576712\">\r\n<\/div>\r\n<script>(function(w,q){w[q]=w[q]||[];w[q].push([\"_mgc.load\"])})(window,\"_mgq\");\r\n<\/script>\r\n\n<\/div>\n<p>N\u00eb Rinas k\u00ebt\u00eb mbr\u00ebmje u arrestua Jamarb\u00ebr Malltezi dh\u00ebndri i Sali Berish\u00ebs p\u00ebr afer\u00ebn e privatizimit t\u00eb ish klubit Partizani. Burime b\u00ebjn\u00eb me dije se \u00ebsht\u00eb caktuar &#8220;detyrim paraqitje&#8221; edhe p\u00ebr Sali Berish\u00ebn. Urdh\u00ebri i arrestit \u00ebsht\u00eb firmosur nga prokurori i SPAK, Arben Kraja. N\u00eb pranga \u00ebsht\u00eb v\u00ebn\u00eb dhe Fatmir Bektashit, ortak me Malltezin dhe ndertues i kullave ne ish-kompleksin Partizani. Ata akuzohen p\u00ebr pastrim parash dhe korrupsion.<\/p>\n<p>\u201cPrivatizimi i k\u00ebtij kompleksi ka nisur n\u00eb 1996. N\u00eb at\u00eb koh\u00eb kryetari i kthimit t\u00eb pronave ishte i caktuar nga Presidenti i asaj kohe, zoti Sali Berisha dhe trash\u00ebgimtar\u00ebt pretendent\u00eb t\u00eb pron\u00ebs u njoh\u00ebn si ish-pronar\u00eb dhe ata kishin t\u00eb drejt\u00ebn, q\u00eb n\u00ebse privatizohej nj\u00eb dit\u00eb prona shtet\u00ebrore, kishin t\u00eb drejt\u00ebn e para-blerjes. Ose duhet t\u00eb shpron\u00ebsoheshin nga shteti sipas ligjeve n\u00eb fuqi, duke marr\u00eb kompensim financiar. Pra ka nisur q\u00eb nga 1996. N\u00eb at\u00eb koh\u00eb, duke qen\u00eb se nd\u00ebrroi pushteti nj\u00eb vit m\u00eb pas, trash\u00ebgimtar\u00ebt pretendent\u00eb t\u00eb pron\u00ebs, nd\u00ebrpren\u00eb \u00e7do veprim dhe procedure ligjore p\u00ebr t\u2019u kompensuar financiarisht apo p\u00ebr t\u00eb kthyer pron\u00ebn, duke qen\u00eb se n\u00eb pushtet erdhi nj\u00eb parti tjet\u00ebr, PS. Nuk menduan q\u00eb PS do kishte nj\u00eb qasje pozitive ndaj tyre p\u00ebr t\u00eb marr\u00eb pron\u00ebn.<\/p>\n\n<div style=\"font-size: 0px; height: 0px; line-height: 0px; margin: 0; padding: 0; clear: both;\"><\/div>","protected":false},"excerpt":{"rendered":"<p>N\u00eb Rinas k\u00ebt\u00eb mbr\u00ebmje u arrestua Jamarb\u00ebr Malltezi dh\u00ebndri i Sali Berish\u00ebs p\u00ebr afer\u00ebn e privatizimit t\u00eb ish klubit Partizani. Burime b\u00ebjn\u00eb me dije se \u00ebsht\u00eb caktuar&#8230; <\/p>\n","protected":false},"author":1,"featured_media":4976,"comment_status":"open","ping_status":"open","sticky":false,"template":"","format":"standard","meta":{"footnotes":""},"categories":[6],"tags":[],"class_list":["post-4975","post","type-post","status-publish","format-standard","has-post-thumbnail","hentry","category-lajme"],"_links":{"self":[{"href":"https:\/\/new.findnews5.com\/index.php?rest_route=\/wp\/v2\/posts\/4975","targetHints":{"allow":["GET"]}}],"collection":[{"href":"https:\/\/new.findnews5.com\/index.php?rest_route=\/wp\/v2\/posts"}],"about":[{"href":"https:\/\/new.findnews5.com\/index.php?rest_route=\/wp\/v2\/types\/post"}],"author":[{"embeddable":true,"href":"https:\/\/new.findnews5.com\/index.php?rest_route=\/wp\/v2\/users\/1"}],"replies":[{"embeddable":true,"href":"https:\/\/new.findnews5.com\/index.php?rest_route=%2Fwp%2Fv2%2Fcomments&post=4975"}],"version-history":[{"count":0,"href":"https:\/\/new.findnews5.com\/index.php?rest_route=\/wp\/v2\/posts\/4975\/revisions"}],"wp:featuredmedia":[{"embeddable":true,"href":"https:\/\/new.findnews5.com\/index.php?rest_route=\/wp\/v2\/media\/4976"}],"wp:attachment":[{"href":"https:\/\/new.findnews5.com\/index.php?rest_route=%2Fwp%2Fv2%2Fmedia&parent=4975"}],"wp:term":[{"taxonomy":"category","embeddable":true,"href":"https:\/\/new.findnews5.com\/index.php?rest_route=%2Fwp%2Fv2%2Fcategories&post=4975"},{"taxonomy":"post_tag","embeddable":true,"href":"https:\/\/new.findnews5.com\/index.php?rest_route=%2Fwp%2Fv2%2Ftags&post=4975"}],"curies":[{"name":"wp","href":"https:\/\/api.w.org\/{rel}","templated":true}]}}