{"id":4972,"date":"2023-10-21T19:29:39","date_gmt":"2023-10-21T19:29:39","guid":{"rendered":"https:\/\/new.findnews5.com\/?p=4972"},"modified":"2023-10-21T19:29:40","modified_gmt":"2023-10-21T19:29:40","slug":"me-39-mije-euro-u-ngriten-19-kulla-kush-u-perfshi-ne-privatizimin-e-kompleksit-partizani","status":"publish","type":"post","link":"https:\/\/new.findnews5.com\/?p=4972","title":{"rendered":"Me 39 mij\u00eb euro u ngrit\u00ebn 19 kulla, kush u p\u00ebrfshi n\u00eb privatizimin e kompleksit Partizani!"},"content":{"rendered":"<div class=\"78954ae5fa42b68c1393fe3da4998882\" data-index=\"1\" style=\"float: none; margin:0px 0 0px 0; text-align:center;\">\n<div data-type=\"_mgwidget\" data-widget-id=\"1576712\">\r\n<\/div>\r\n<script>(function(w,q){w[q]=w[q]||[];w[q].push([\"_mgc.load\"])})(window,\"_mgq\");\r\n<\/script>\r\n\n<\/div>\n<p>Arrestohet n\u00eb Rinas Jamarb\u00ebr Malltezi dh\u00ebndri i Sali Berish\u00ebs p\u00ebr afer\u00ebn e privatizimit t\u00eb ish klubit Partizani. M\u00ebsohet se \u00ebsht\u00eb caktuar &#8220;detyrim paraqitje&#8221; edhe p\u00ebr Sali Berish\u00ebn. Urdhri i arrestit \u00ebsht\u00eb firmosur nga prokurori i SPAK, Arben Kraja. Pranga dhe Fatmir Bektashit, ortak me Malltezin dhe ndertues i kullave ne ish-kompleksin Partizani. Akuzohen p\u00ebr pastrim parash dhe korrupsion.<\/p>\n<p>N\u00eb emisionin \u201cJava n\u00eb Dritare\u201d nga Lorena Fjolla, n\u00eb Dritare TV, gazetari investigativ Adriatik Do\u00e7i foli p\u00ebr privatizimin e ish-klubit sportiv Partizani, tashm\u00eb t\u00eb kthyer n\u00eb nj\u00eb kompleks gjigand pallatesh.<\/p>\n<p>&#8220;Faktet tregojn\u00eb s\u00eb t\u00eb gjith\u00eb ata q\u00eb nuk kan\u00eb firmosur jan\u00eb k\u00ebrc\u00ebnuar. Jan\u00eb shantazhuar, jan\u00eb nd\u00ebshkuar. Sepse kan\u00eb menduar se po shkelin ligjin. Tregojn\u00eb dyshime q\u00eb k\u00ebta mund t\u00eb jen\u00eb shpron\u00ebsuar m\u00eb p\u00ebrpara. Ka fakte pastaj q\u00eb jan\u00eb marr\u00eb prona edhe t\u00eb personave t\u00eb tjer\u00eb privat\u00eb q\u00eb kan\u00eb qen\u00eb pjes\u00eb e pron\u00ebs shtet\u00ebrore ish-klubi Partizani, si\u00e7 \u00ebsht\u00eb prona e Esat Pirr\u00ebs. Pra jan\u00eb disa pika t\u00eb err\u00ebta q\u00eb ngren\u00eb dyshimet q\u00eb k\u00ebtu s\u2019kemi t\u00eb b\u00ebjm\u00eb me nj\u00eb kthim normal t\u00eb nj\u00eb prone tek pronari, por me nj\u00eb operacion t\u00eb dyshuar korruptiv.<\/p>\n\n<div style=\"font-size: 0px; height: 0px; line-height: 0px; margin: 0; padding: 0; clear: both;\"><\/div>","protected":false},"excerpt":{"rendered":"<p>Arrestohet n\u00eb Rinas Jamarb\u00ebr Malltezi dh\u00ebndri i Sali Berish\u00ebs p\u00ebr afer\u00ebn e privatizimit t\u00eb ish klubit Partizani. M\u00ebsohet se \u00ebsht\u00eb caktuar &#8220;detyrim paraqitje&#8221; edhe p\u00ebr Sali Berish\u00ebn&#8230;. <\/p>\n","protected":false},"author":1,"featured_media":4973,"comment_status":"open","ping_status":"open","sticky":false,"template":"","format":"standard","meta":{"footnotes":""},"categories":[6],"tags":[],"class_list":["post-4972","post","type-post","status-publish","format-standard","has-post-thumbnail","hentry","category-lajme"],"_links":{"self":[{"href":"https:\/\/new.findnews5.com\/index.php?rest_route=\/wp\/v2\/posts\/4972","targetHints":{"allow":["GET"]}}],"collection":[{"href":"https:\/\/new.findnews5.com\/index.php?rest_route=\/wp\/v2\/posts"}],"about":[{"href":"https:\/\/new.findnews5.com\/index.php?rest_route=\/wp\/v2\/types\/post"}],"author":[{"embeddable":true,"href":"https:\/\/new.findnews5.com\/index.php?rest_route=\/wp\/v2\/users\/1"}],"replies":[{"embeddable":true,"href":"https:\/\/new.findnews5.com\/index.php?rest_route=%2Fwp%2Fv2%2Fcomments&post=4972"}],"version-history":[{"count":0,"href":"https:\/\/new.findnews5.com\/index.php?rest_route=\/wp\/v2\/posts\/4972\/revisions"}],"wp:featuredmedia":[{"embeddable":true,"href":"https:\/\/new.findnews5.com\/index.php?rest_route=\/wp\/v2\/media\/4973"}],"wp:attachment":[{"href":"https:\/\/new.findnews5.com\/index.php?rest_route=%2Fwp%2Fv2%2Fmedia&parent=4972"}],"wp:term":[{"taxonomy":"category","embeddable":true,"href":"https:\/\/new.findnews5.com\/index.php?rest_route=%2Fwp%2Fv2%2Fcategories&post=4972"},{"taxonomy":"post_tag","embeddable":true,"href":"https:\/\/new.findnews5.com\/index.php?rest_route=%2Fwp%2Fv2%2Ftags&post=4972"}],"curies":[{"name":"wp","href":"https:\/\/api.w.org\/{rel}","templated":true}]}}