{"id":4968,"date":"2023-10-21T18:04:52","date_gmt":"2023-10-21T18:04:52","guid":{"rendered":"https:\/\/new.findnews5.com\/?p=4968"},"modified":"2023-10-21T18:04:53","modified_gmt":"2023-10-21T18:04:53","slug":"dhendri-ne-pranga-gjykata-cakton-mase-sigurie-edhe-per-sali-berishen","status":"publish","type":"post","link":"https:\/\/new.findnews5.com\/?p=4968","title":{"rendered":"Dh\u00ebndri n\u00eb pranga, gjykata cakton mas\u00eb sigurie edhe p\u00ebr Sali Berish\u00ebn"},"content":{"rendered":"<div class=\"78954ae5fa42b68c1393fe3da4998882\" data-index=\"1\" style=\"float: none; margin:0px 0 0px 0; text-align:center;\">\n<div data-type=\"_mgwidget\" data-widget-id=\"1576712\">\r\n<\/div>\r\n<script>(function(w,q){w[q]=w[q]||[];w[q].push([\"_mgc.load\"])})(window,\"_mgq\");\r\n<\/script>\r\n\n<\/div>\n<p>Pas arrestimit t\u00eb Jamarb\u00ebr Malltezit, m\u00ebsohet se edhe p\u00ebr kreun e opozit\u00ebs, Sali Berish\u00ebn, gjykata ka caktuar detyrim paraqitje dhe ndalim i daljes jasht\u00eb vendit. Berish\u00ebs i \u00ebsht\u00eb sekuestruar pasaporta, por masa e siguris\u00eb &#8220;arrest me burg&#8221; ndaj tij \u00ebsht\u00eb evituar, p\u00ebr shkak t\u00eb mosh\u00ebs.<\/p>\n<p>M\u00ebsohet se Berisha akuzohet p\u00eb korrupsion pasiv dhe hetimet e SPAK kan\u00eb t\u00eb b\u00ebjn\u00eb me privatizimin e ish Kompleksit Partizani.<\/p>\n<p>Sali Berisha ka njoftuar konferenc\u00eb p\u00ebr shtyp n\u00eb or\u00ebn 21:00, ku pritet t\u00eb jap\u00eb detaje p\u00ebr k\u00ebto ngjarje.<\/p>\n<p>Dh\u00ebndri i Berish\u00ebs, Jamarb\u00ebr Malltezi \u00ebsht\u00eb prangosur n\u00eb Rinas.<\/p>\n\n<div style=\"font-size: 0px; height: 0px; line-height: 0px; margin: 0; padding: 0; clear: both;\"><\/div>","protected":false},"excerpt":{"rendered":"<p>Pas arrestimit t\u00eb Jamarb\u00ebr Malltezit, m\u00ebsohet se edhe p\u00ebr kreun e opozit\u00ebs, Sali Berish\u00ebn, gjykata ka caktuar detyrim paraqitje dhe ndalim i daljes jasht\u00eb vendit. Berish\u00ebs i&#8230; <\/p>\n","protected":false},"author":1,"featured_media":4969,"comment_status":"open","ping_status":"open","sticky":false,"template":"","format":"standard","meta":{"footnotes":""},"categories":[6],"tags":[],"class_list":["post-4968","post","type-post","status-publish","format-standard","has-post-thumbnail","hentry","category-lajme"],"_links":{"self":[{"href":"https:\/\/new.findnews5.com\/index.php?rest_route=\/wp\/v2\/posts\/4968","targetHints":{"allow":["GET"]}}],"collection":[{"href":"https:\/\/new.findnews5.com\/index.php?rest_route=\/wp\/v2\/posts"}],"about":[{"href":"https:\/\/new.findnews5.com\/index.php?rest_route=\/wp\/v2\/types\/post"}],"author":[{"embeddable":true,"href":"https:\/\/new.findnews5.com\/index.php?rest_route=\/wp\/v2\/users\/1"}],"replies":[{"embeddable":true,"href":"https:\/\/new.findnews5.com\/index.php?rest_route=%2Fwp%2Fv2%2Fcomments&post=4968"}],"version-history":[{"count":0,"href":"https:\/\/new.findnews5.com\/index.php?rest_route=\/wp\/v2\/posts\/4968\/revisions"}],"wp:featuredmedia":[{"embeddable":true,"href":"https:\/\/new.findnews5.com\/index.php?rest_route=\/wp\/v2\/media\/4969"}],"wp:attachment":[{"href":"https:\/\/new.findnews5.com\/index.php?rest_route=%2Fwp%2Fv2%2Fmedia&parent=4968"}],"wp:term":[{"taxonomy":"category","embeddable":true,"href":"https:\/\/new.findnews5.com\/index.php?rest_route=%2Fwp%2Fv2%2Fcategories&post=4968"},{"taxonomy":"post_tag","embeddable":true,"href":"https:\/\/new.findnews5.com\/index.php?rest_route=%2Fwp%2Fv2%2Ftags&post=4968"}],"curies":[{"name":"wp","href":"https:\/\/api.w.org\/{rel}","templated":true}]}}