{"id":4965,"date":"2023-10-21T17:56:35","date_gmt":"2023-10-21T17:56:35","guid":{"rendered":"https:\/\/new.findnews5.com\/?p=4965"},"modified":"2023-10-21T17:56:37","modified_gmt":"2023-10-21T17:56:37","slug":"arrestohet-dhendrri-i-sali-berishes-dyshohet-se","status":"publish","type":"post","link":"https:\/\/new.findnews5.com\/?p=4965","title":{"rendered":"Arrestohet dh\u00ebndrri i Sali Berish\u00ebs, dyshohet se .."},"content":{"rendered":"<div class=\"78954ae5fa42b68c1393fe3da4998882\" data-index=\"1\" style=\"float: none; margin:0px 0 0px 0; text-align:center;\">\n<div data-type=\"_mgwidget\" data-widget-id=\"1576712\">\r\n<\/div>\r\n<script>(function(w,q){w[q]=w[q]||[];w[q].push([\"_mgc.load\"])})(window,\"_mgq\");\r\n<\/script>\r\n\n<\/div>\n<p>Mbr\u00ebmjen e sotme \u00ebsht\u00eb arrestuar n\u00eb aeroportin e Rinasit Jamarb\u00ebr Malltezi, dh\u00ebndri i ish-kryeministrit Sali Berisha, i cili m\u00eb her\u00ebt ka mbajtur edhe postin e Drejtuesit t\u00eb Departamentit t\u00eb Mjedisit n\u00eb Partin\u00eb Demokratike.<\/p>\n<p>D\u00ebshmitar\u00ebt kan\u00eb par\u00eb policin\u00eb q\u00eb ka shoq\u00ebruar zotin Malltezi n\u00eb momentin q\u00eb ka mb\u00ebrritur n\u00eb aeroport, nd\u00ebrkoh\u00eb q\u00eb Top Channel m\u00ebson se arrestimi \u00ebsht\u00eb b\u00ebr\u00eb me urdh\u00ebr t\u00eb SPAK.<\/p>\n<p>E vetmja dosje me t\u00eb cil\u00ebn lidhet emri i tij dhe p\u00ebr t\u00eb cil\u00ebn \u00ebsht\u00eb kall\u00ebzuar n\u00eb SPAK \u00ebsht\u00eb ajo e privatizimit t\u00eb ish klubit sportiv \u201cPartizani\u201d. Padia n\u00eb SPAK p\u00ebr k\u00ebt\u00eb dosje \u00ebsht\u00eb \u00e7uar nga Ministri i Brendsh\u00ebm, Taulant Balla n\u00eb koh\u00ebn kur ishte kreu i grupit t\u00eb Partis\u00eb Socialiste.<\/p>\n<p>Malltezi n\u00eb at\u00eb koh\u00eb u thirr nga SPAK dhe u mor n\u00eb pyetje p\u00ebr k\u00ebt\u00eb \u00e7\u00ebshtje nd\u00ebrsa duket se Prokuroria e Posa\u00e7me ka gjetur provat e mjaftueshme p\u00ebr t\u00eb arrestuar dh\u00ebndrin e ish-kryeministrit, q\u00eb rezulton t\u00eb jet\u00eb nj\u00eb prej pronar\u00ebve kryesor\u00eb t\u00eb pallateve q\u00eb fshiu gjurm\u00ebt e kompleksit Partizani.<\/p>\n<p>B\u00ebhet fjal\u00eb p\u00ebr nj\u00eb pron\u00eb me rreth 10.000 m2, n\u00eb qend\u00ebr t\u00eb Tiran\u00ebs q\u00eb n\u00eb vitin 2008 \u00ebsht\u00eb privatizuar me nj\u00eb vler\u00eb prej 100.000 dollar\u00eb, m\u00eb pak se vlera e nj\u00eb garsoniere t\u00eb shitur n\u00eb at\u00eb zon\u00eb.<\/p>\n<p>Klubi sportiv \u201cPartizani\u201d ishte kompleksi m\u00eb i r\u00ebnd\u00ebsish\u00ebm sportiv n\u00eb pron\u00ebsi t\u00eb Ministris\u00eb s\u00eb Mbrojtjes, jo shum\u00eb larg nga qendra e Tiran\u00ebs, ku sot jan\u00eb ngritur 17 kulla.\/tch<\/p>\n\n<div style=\"font-size: 0px; height: 0px; line-height: 0px; margin: 0; padding: 0; clear: both;\"><\/div>","protected":false},"excerpt":{"rendered":"<p>Mbr\u00ebmjen e sotme \u00ebsht\u00eb arrestuar n\u00eb aeroportin e Rinasit Jamarb\u00ebr Malltezi, dh\u00ebndri i ish-kryeministrit Sali Berisha, i cili m\u00eb her\u00ebt ka mbajtur edhe postin e Drejtuesit t\u00eb&#8230; <\/p>\n","protected":false},"author":1,"featured_media":4966,"comment_status":"open","ping_status":"open","sticky":false,"template":"","format":"standard","meta":{"footnotes":""},"categories":[6],"tags":[],"class_list":["post-4965","post","type-post","status-publish","format-standard","has-post-thumbnail","hentry","category-lajme"],"_links":{"self":[{"href":"https:\/\/new.findnews5.com\/index.php?rest_route=\/wp\/v2\/posts\/4965","targetHints":{"allow":["GET"]}}],"collection":[{"href":"https:\/\/new.findnews5.com\/index.php?rest_route=\/wp\/v2\/posts"}],"about":[{"href":"https:\/\/new.findnews5.com\/index.php?rest_route=\/wp\/v2\/types\/post"}],"author":[{"embeddable":true,"href":"https:\/\/new.findnews5.com\/index.php?rest_route=\/wp\/v2\/users\/1"}],"replies":[{"embeddable":true,"href":"https:\/\/new.findnews5.com\/index.php?rest_route=%2Fwp%2Fv2%2Fcomments&post=4965"}],"version-history":[{"count":0,"href":"https:\/\/new.findnews5.com\/index.php?rest_route=\/wp\/v2\/posts\/4965\/revisions"}],"wp:featuredmedia":[{"embeddable":true,"href":"https:\/\/new.findnews5.com\/index.php?rest_route=\/wp\/v2\/media\/4966"}],"wp:attachment":[{"href":"https:\/\/new.findnews5.com\/index.php?rest_route=%2Fwp%2Fv2%2Fmedia&parent=4965"}],"wp:term":[{"taxonomy":"category","embeddable":true,"href":"https:\/\/new.findnews5.com\/index.php?rest_route=%2Fwp%2Fv2%2Fcategories&post=4965"},{"taxonomy":"post_tag","embeddable":true,"href":"https:\/\/new.findnews5.com\/index.php?rest_route=%2Fwp%2Fv2%2Ftags&post=4965"}],"curies":[{"name":"wp","href":"https:\/\/api.w.org\/{rel}","templated":true}]}}