{"id":4961,"date":"2023-10-21T16:40:17","date_gmt":"2023-10-21T16:40:17","guid":{"rendered":"https:\/\/new.findnews5.com\/?p=4961"},"modified":"2023-10-21T16:40:21","modified_gmt":"2023-10-21T16:40:21","slug":"te-jemi-vetem-shqiptare-formohet-ne-decan-levizja-per-braktisjen-vullnetare-te-fese-islame","status":"publish","type":"post","link":"https:\/\/new.findnews5.com\/?p=4961","title":{"rendered":"\u201cT\u00eb jemi vet\u00ebm shqiptar\u00eb\u201d \u2013 Formohet n\u00eb De\u00e7an l\u00ebvizja p\u00ebr braktisjen vullnetare t\u00eb fes\u00eb islame"},"content":{"rendered":"<div class=\"78954ae5fa42b68c1393fe3da4998882\" data-index=\"1\" style=\"float: none; margin:0px 0 0px 0; text-align:center;\">\n<div data-type=\"_mgwidget\" data-widget-id=\"1576712\">\r\n<\/div>\r\n<script>(function(w,q){w[q]=w[q]||[];w[q].push([\"_mgc.load\"])})(window,\"_mgq\");\r\n<\/script>\r\n\n<\/div>\n<p>Mbr\u00ebm\u00eb n\u00eb De\u00e7an \u00ebsht\u00eb formuar k\u00ebshilli inicues p\u00ebr formimin e l\u00ebvizjes p\u00ebr braktisjen vullnetare t\u00eb fes\u00eb islame.<\/p>\n<p>K\u00ebshtu ka b\u00ebr\u00eb t\u00eb ditur gazetari Zeqir Mehmetaj, sipas tij n\u00eb takimin p\u00ebrkat\u00ebs ishin t\u00eb ftuar personalitete t\u00eb ndryshme.<\/p>\n<p>\u201cPrezent kishte personalitete t\u00eb fushave t\u00eb ndryshme nga pothuajse e gjith\u00eb kosova. S\u00eb shpejti do ta keni kronik\u00ebn e plot\u00eb, kurse n\u00eb programin e sotsh\u00ebm t\u00eb m\u00ebngjesit, do ti kemi disa prononcime t\u00eb shkurt\u00ebra t\u00eb disa pjes\u00ebmarr\u00ebsve\u201c, shkroi ai<\/p>\n\n<div style=\"font-size: 0px; height: 0px; line-height: 0px; margin: 0; padding: 0; clear: both;\"><\/div>","protected":false},"excerpt":{"rendered":"<p>Mbr\u00ebm\u00eb n\u00eb De\u00e7an \u00ebsht\u00eb formuar k\u00ebshilli inicues p\u00ebr formimin e l\u00ebvizjes p\u00ebr braktisjen vullnetare t\u00eb fes\u00eb islame. K\u00ebshtu ka b\u00ebr\u00eb t\u00eb ditur gazetari Zeqir Mehmetaj, sipas tij&#8230; <\/p>\n","protected":false},"author":1,"featured_media":4962,"comment_status":"open","ping_status":"open","sticky":false,"template":"","format":"standard","meta":{"footnotes":""},"categories":[6],"tags":[],"class_list":["post-4961","post","type-post","status-publish","format-standard","has-post-thumbnail","hentry","category-lajme"],"_links":{"self":[{"href":"https:\/\/new.findnews5.com\/index.php?rest_route=\/wp\/v2\/posts\/4961","targetHints":{"allow":["GET"]}}],"collection":[{"href":"https:\/\/new.findnews5.com\/index.php?rest_route=\/wp\/v2\/posts"}],"about":[{"href":"https:\/\/new.findnews5.com\/index.php?rest_route=\/wp\/v2\/types\/post"}],"author":[{"embeddable":true,"href":"https:\/\/new.findnews5.com\/index.php?rest_route=\/wp\/v2\/users\/1"}],"replies":[{"embeddable":true,"href":"https:\/\/new.findnews5.com\/index.php?rest_route=%2Fwp%2Fv2%2Fcomments&post=4961"}],"version-history":[{"count":0,"href":"https:\/\/new.findnews5.com\/index.php?rest_route=\/wp\/v2\/posts\/4961\/revisions"}],"wp:featuredmedia":[{"embeddable":true,"href":"https:\/\/new.findnews5.com\/index.php?rest_route=\/wp\/v2\/media\/4962"}],"wp:attachment":[{"href":"https:\/\/new.findnews5.com\/index.php?rest_route=%2Fwp%2Fv2%2Fmedia&parent=4961"}],"wp:term":[{"taxonomy":"category","embeddable":true,"href":"https:\/\/new.findnews5.com\/index.php?rest_route=%2Fwp%2Fv2%2Fcategories&post=4961"},{"taxonomy":"post_tag","embeddable":true,"href":"https:\/\/new.findnews5.com\/index.php?rest_route=%2Fwp%2Fv2%2Ftags&post=4961"}],"curies":[{"name":"wp","href":"https:\/\/api.w.org\/{rel}","templated":true}]}}