{"id":4953,"date":"2023-10-21T11:33:47","date_gmt":"2023-10-21T11:33:47","guid":{"rendered":"https:\/\/new.findnews5.com\/?p=4953"},"modified":"2023-10-21T11:33:49","modified_gmt":"2023-10-21T11:33:49","slug":"parlamenti-evropian-u-rreshtua-me-kosoven-shuplake-e-rende-per-vuciqin-ramen-dhe-macronin","status":"publish","type":"post","link":"https:\/\/new.findnews5.com\/?p=4953","title":{"rendered":"Parlamenti Evropian u rreshtua me Kosov\u00ebn, shuplak\u00eb e r\u00ebnd\u00eb p\u00ebr Vu\u00e7iqin, Ram\u00ebn dhe Macronin"},"content":{"rendered":"<div class=\"78954ae5fa42b68c1393fe3da4998882\" data-index=\"1\" style=\"float: none; margin:0px 0 0px 0; text-align:center;\">\n<div data-type=\"_mgwidget\" data-widget-id=\"1576712\">\r\n<\/div>\r\n<script>(function(w,q){w[q]=w[q]||[];w[q].push([\"_mgc.load\"])})(window,\"_mgq\");\r\n<\/script>\r\n\n<\/div>\n<p>Parlamenti Evropian votoi sot nj\u00eb rezolut\u00eb n\u00eb lidhje me ngjarjet e fundit n\u00eb veri t\u00eb Kosov\u00ebs dhe p\u00ebr rolin e Serbis\u00eb n\u00eb k\u00ebt\u00eb akt terrorist.<\/p>\n<p>Si kurr\u00eb m\u00eb par\u00eb kemi nj\u00eb dokument i cili nga vet\u00eb Bashkimi Evropian pranon rolin tejet negativ t\u00eb Serbis\u00eb, duke konstatuar gjuh\u00eb t\u00eb urrejtjes nga autoritetet serbe n\u00eb drejtim t\u00eb Kosov\u00ebs, shpreh shqet\u00ebsim p\u00ebr provat t\u00eb cilat supozojn\u00eb p\u00ebrfshirje t\u00eb shtetit serb n\u00eb aktin terrorist, si dhe b\u00ebhet thirrje q\u00eb t\u00eb pezullohen fondet e BE-s\u00eb p\u00ebr Serbin\u00eb n\u00ebse v\u00ebrtetohet p\u00ebrfundimisht ky supozim.<\/p>\n<p>Nga ana tjet\u00ebr, p\u00ebrmes k\u00ebsaj rezolute Parlamenti Evropian i k\u00ebrkon BE-s\u00eb q\u00eb t\u00eb ndjek\u00eb shembullin e ShBA-s\u00eb, duke sanksionuar Milan Radoi\u00e7iqin dhe t\u00eb p\u00ebrfshir\u00ebt e tjer\u00eb n\u00eb aktet destabiliziese.<\/p>\n<p>N\u00eb fund, rezoluta shpreh nevoj\u00ebn q\u00eb BE-ja t\u00eb sjell\u00eb qasje t\u00eb re, inivative dhe t\u00eb balancuar n\u00eb dialogun Kosov\u00eb-Serbi, duke n\u00ebnkuptuar me k\u00ebt\u00eb se qasja e deritanishme e Borrellit dhe Laj\u00e7akut ka d\u00ebshtuar dhe ka qen\u00eb e pabalancuar n\u00eb favor t\u00eb Serbis\u00eb, e cila k\u00ebt\u00eb mb\u00ebshtetje e mori si drit\u00eb jeshile p\u00ebr t\u00eb sulmuar dhe aneksuar veriun e Kosov\u00ebs.<\/p>\n\n<div style=\"font-size: 0px; height: 0px; line-height: 0px; margin: 0; padding: 0; clear: both;\"><\/div>","protected":false},"excerpt":{"rendered":"<p>Parlamenti Evropian votoi sot nj\u00eb rezolut\u00eb n\u00eb lidhje me ngjarjet e fundit n\u00eb veri t\u00eb Kosov\u00ebs dhe p\u00ebr rolin e Serbis\u00eb n\u00eb k\u00ebt\u00eb akt terrorist. Si kurr\u00eb&#8230; <\/p>\n","protected":false},"author":1,"featured_media":4954,"comment_status":"open","ping_status":"open","sticky":false,"template":"","format":"standard","meta":{"footnotes":""},"categories":[6],"tags":[],"class_list":["post-4953","post","type-post","status-publish","format-standard","has-post-thumbnail","hentry","category-lajme"],"_links":{"self":[{"href":"https:\/\/new.findnews5.com\/index.php?rest_route=\/wp\/v2\/posts\/4953","targetHints":{"allow":["GET"]}}],"collection":[{"href":"https:\/\/new.findnews5.com\/index.php?rest_route=\/wp\/v2\/posts"}],"about":[{"href":"https:\/\/new.findnews5.com\/index.php?rest_route=\/wp\/v2\/types\/post"}],"author":[{"embeddable":true,"href":"https:\/\/new.findnews5.com\/index.php?rest_route=\/wp\/v2\/users\/1"}],"replies":[{"embeddable":true,"href":"https:\/\/new.findnews5.com\/index.php?rest_route=%2Fwp%2Fv2%2Fcomments&post=4953"}],"version-history":[{"count":0,"href":"https:\/\/new.findnews5.com\/index.php?rest_route=\/wp\/v2\/posts\/4953\/revisions"}],"wp:featuredmedia":[{"embeddable":true,"href":"https:\/\/new.findnews5.com\/index.php?rest_route=\/wp\/v2\/media\/4954"}],"wp:attachment":[{"href":"https:\/\/new.findnews5.com\/index.php?rest_route=%2Fwp%2Fv2%2Fmedia&parent=4953"}],"wp:term":[{"taxonomy":"category","embeddable":true,"href":"https:\/\/new.findnews5.com\/index.php?rest_route=%2Fwp%2Fv2%2Fcategories&post=4953"},{"taxonomy":"post_tag","embeddable":true,"href":"https:\/\/new.findnews5.com\/index.php?rest_route=%2Fwp%2Fv2%2Ftags&post=4953"}],"curies":[{"name":"wp","href":"https:\/\/api.w.org\/{rel}","templated":true}]}}