{"id":4940,"date":"2023-10-20T23:43:26","date_gmt":"2023-10-20T23:43:26","guid":{"rendered":"https:\/\/new.findnews5.com\/?p=4940"},"modified":"2023-10-20T23:44:54","modified_gmt":"2023-10-20T23:44:54","slug":"gruaja-duhet-te-vendose-sa-femije-do-kene-burrat-jane-dytesore-flet-sociologia","status":"publish","type":"post","link":"https:\/\/new.findnews5.com\/?p=4940","title":{"rendered":"\u201cGruaja duhet t\u00eb vendos\u00eb sa f\u00ebmij\u00eb do ken\u00eb, burrat jan\u00eb dyt\u00ebsor\u00eb\u201d- flet sociologia"},"content":{"rendered":"<div class=\"78954ae5fa42b68c1393fe3da4998882\" data-index=\"1\" style=\"float: none; margin:0px 0 0px 0; text-align:center;\">\n<div data-type=\"_mgwidget\" data-widget-id=\"1576712\">\r\n<\/div>\r\n<script>(function(w,q){w[q]=w[q]||[];w[q].push([\"_mgc.load\"])})(window,\"_mgq\");\r\n<\/script>\r\n\n<\/div>\n<p>Sociologia Eris Dhamo ishte k\u00ebt\u00eb t\u00eb enjte e ftuar n\u00eb emisionin \u201cGood Morning Albanians\u201d p\u00ebr t\u00eb folur rreth familjes dhe momentit kur vendoset se sa f\u00ebmij\u00eb nj\u00eb \u00e7ift d\u00ebshiron t\u00eb ket\u00eb.<\/p>\n<p>Sipas saj duhet t\u00eb jen\u00eb grat\u00eb ato q\u00eb vendosin se sa f\u00ebmij\u00eb duan t\u00eb b\u00ebjn\u00eb, nd\u00ebrsa n\u00eb k\u00ebt\u00eb \u00e7\u00ebshtje burrat luajn\u00eb nj\u00eb rol dyt\u00ebsor.<\/p>\n<p>\u201cUn\u00eb kam par\u00eb q\u00eb grat\u00eb k\u00ebrkojn\u00eb m\u00eb tep\u00ebr angazhim dhe realizim personal, pasi tek e fundit, trupi \u00ebsht\u00eb trupi i gruas dhe vendimin final duhet ta marr gruaja. Ajo e di se \u00e7far\u00eb ndodh me trupin e saj dhe si do e p\u00ebrballoj\u00eb at\u00eb q\u00eb do ndodh me trupin e saj.<\/p>\n<p>K\u00ebshtu q\u00eb burrat n\u00eb k\u00ebt\u00eb dimension jan\u00eb t\u00eb dor\u00ebs s\u00eb dyt\u00eb. Jan\u00eb pjes\u00eb e familjes dhe e vendimmarrjes, por jan\u00eb t\u00eb dyt\u00ebt n\u00eb vendimmarrje. Timonin p\u00ebr lindjen e f\u00ebmij\u00ebve e kan\u00eb grat\u00eb, pasi ka ndryshuar edhe roli q\u00eb grat\u00eb n\u00eb k\u00ebto koh\u00eb kan\u00eb n\u00eb familje\u201d,-tha sociologia Dhamo n\u00eb Euronews Albania<\/p>\n\n<div style=\"font-size: 0px; height: 0px; line-height: 0px; margin: 0; padding: 0; clear: both;\"><\/div>","protected":false},"excerpt":{"rendered":"<p>Sociologia Eris Dhamo ishte k\u00ebt\u00eb t\u00eb enjte e ftuar n\u00eb emisionin \u201cGood Morning Albanians\u201d p\u00ebr t\u00eb folur rreth familjes dhe momentit kur vendoset se sa f\u00ebmij\u00eb nj\u00eb&#8230; <\/p>\n","protected":false},"author":1,"featured_media":4941,"comment_status":"open","ping_status":"open","sticky":false,"template":"","format":"standard","meta":{"footnotes":""},"categories":[6],"tags":[],"class_list":["post-4940","post","type-post","status-publish","format-standard","has-post-thumbnail","hentry","category-lajme"],"_links":{"self":[{"href":"https:\/\/new.findnews5.com\/index.php?rest_route=\/wp\/v2\/posts\/4940","targetHints":{"allow":["GET"]}}],"collection":[{"href":"https:\/\/new.findnews5.com\/index.php?rest_route=\/wp\/v2\/posts"}],"about":[{"href":"https:\/\/new.findnews5.com\/index.php?rest_route=\/wp\/v2\/types\/post"}],"author":[{"embeddable":true,"href":"https:\/\/new.findnews5.com\/index.php?rest_route=\/wp\/v2\/users\/1"}],"replies":[{"embeddable":true,"href":"https:\/\/new.findnews5.com\/index.php?rest_route=%2Fwp%2Fv2%2Fcomments&post=4940"}],"version-history":[{"count":0,"href":"https:\/\/new.findnews5.com\/index.php?rest_route=\/wp\/v2\/posts\/4940\/revisions"}],"wp:featuredmedia":[{"embeddable":true,"href":"https:\/\/new.findnews5.com\/index.php?rest_route=\/wp\/v2\/media\/4941"}],"wp:attachment":[{"href":"https:\/\/new.findnews5.com\/index.php?rest_route=%2Fwp%2Fv2%2Fmedia&parent=4940"}],"wp:term":[{"taxonomy":"category","embeddable":true,"href":"https:\/\/new.findnews5.com\/index.php?rest_route=%2Fwp%2Fv2%2Fcategories&post=4940"},{"taxonomy":"post_tag","embeddable":true,"href":"https:\/\/new.findnews5.com\/index.php?rest_route=%2Fwp%2Fv2%2Ftags&post=4940"}],"curies":[{"name":"wp","href":"https:\/\/api.w.org\/{rel}","templated":true}]}}