{"id":4923,"date":"2023-10-20T16:23:45","date_gmt":"2023-10-20T16:23:45","guid":{"rendered":"https:\/\/new.findnews5.com\/?p=4923"},"modified":"2023-10-20T16:23:46","modified_gmt":"2023-10-20T16:23:46","slug":"jemi-ne-vijen-e-kuqe-nora-malaj-ne-2030-nuk-do-te-kemi-as-mesues-as-nxenes","status":"publish","type":"post","link":"https:\/\/new.findnews5.com\/?p=4923","title":{"rendered":"\u201cJemi n\u00eb vij\u00ebn e kuqe\u201d, Nora Malaj: N\u00eb 2030 nuk do t\u00eb kemi as m\u00ebsues, as nx\u00ebn\u00ebs"},"content":{"rendered":"<div class=\"78954ae5fa42b68c1393fe3da4998882\" data-index=\"1\" style=\"float: none; margin:0px 0 0px 0; text-align:center;\">\n<div data-type=\"_mgwidget\" data-widget-id=\"1576712\">\r\n<\/div>\r\n<script>(function(w,q){w[q]=w[q]||[];w[q].push([\"_mgc.load\"])})(window,\"_mgq\");\r\n<\/script>\r\n\n<\/div>\n<p>Pedagogia Nora Malaj tha n\u00eb \u201cGood Morning Albania\u201d se Shqip\u00ebria \u00ebsht\u00eb shum\u00eb af\u00ebr prekjes s\u00eb vij\u00ebs s\u00eb kuqe n\u00eb arsim.<\/p>\n<p>Malaj tha se jo m\u00eb larg se n\u00eb vitin 2030 jo vet\u00ebm q\u00eb numri i nx\u00ebn\u00ebsve do pak\u00ebsohet ndjesh\u00ebm por edh\u00eb m\u00ebsuesit do t\u00eb mungojn\u00eb, pasi gjithnj\u00eb e m\u00eb pak student\u00eb po zgjedhin t\u00eb ndjekin studimet n\u00eb deg\u00ebt e m\u00ebsuesis\u00eb.<\/p>\n<p>\u201cNe duhet t\u00eb kuptojm\u00eb nj\u00eb gj\u00eb. Ne kemi nj\u00eb problem shum\u00eb t\u00eb madh. Nga nj\u00eb an\u00eb kemi braktisjen e shkoll\u00ebs e nga ana tjet\u00ebr kemi braktisjen e profesionit t\u00eb m\u00ebsuesit.<\/p>\n<p>Student\u00ebt nuk po shkojn\u00eb m\u00eb p\u00ebr m\u00ebsuesi. Kjo \u00ebsht\u00eb k\u00ebmbana e alarmit q\u00eb kam th\u00ebn\u00eb, ne jemi n\u00eb vij\u00ebn e kuqe. Do m\u00eb vinte shum\u00eb keq t\u00eb b\u00ebja Kasandr\u00ebn e t\u00eb thosha se n\u00eb 2030 nuk do kemi m\u00eb as m\u00ebsues. do kemi nj\u00eb kriz\u00eb shum\u00eb t\u00eb madhe\u201d,-tha Nora Malaj.<\/p>\n\n<div style=\"font-size: 0px; height: 0px; line-height: 0px; margin: 0; padding: 0; clear: both;\"><\/div>","protected":false},"excerpt":{"rendered":"<p>Pedagogia Nora Malaj tha n\u00eb \u201cGood Morning Albania\u201d se Shqip\u00ebria \u00ebsht\u00eb shum\u00eb af\u00ebr prekjes s\u00eb vij\u00ebs s\u00eb kuqe n\u00eb arsim. Malaj tha se jo m\u00eb larg se&#8230; <\/p>\n","protected":false},"author":1,"featured_media":4924,"comment_status":"open","ping_status":"open","sticky":false,"template":"","format":"standard","meta":{"footnotes":""},"categories":[6],"tags":[],"class_list":["post-4923","post","type-post","status-publish","format-standard","has-post-thumbnail","hentry","category-lajme"],"_links":{"self":[{"href":"https:\/\/new.findnews5.com\/index.php?rest_route=\/wp\/v2\/posts\/4923","targetHints":{"allow":["GET"]}}],"collection":[{"href":"https:\/\/new.findnews5.com\/index.php?rest_route=\/wp\/v2\/posts"}],"about":[{"href":"https:\/\/new.findnews5.com\/index.php?rest_route=\/wp\/v2\/types\/post"}],"author":[{"embeddable":true,"href":"https:\/\/new.findnews5.com\/index.php?rest_route=\/wp\/v2\/users\/1"}],"replies":[{"embeddable":true,"href":"https:\/\/new.findnews5.com\/index.php?rest_route=%2Fwp%2Fv2%2Fcomments&post=4923"}],"version-history":[{"count":0,"href":"https:\/\/new.findnews5.com\/index.php?rest_route=\/wp\/v2\/posts\/4923\/revisions"}],"wp:featuredmedia":[{"embeddable":true,"href":"https:\/\/new.findnews5.com\/index.php?rest_route=\/wp\/v2\/media\/4924"}],"wp:attachment":[{"href":"https:\/\/new.findnews5.com\/index.php?rest_route=%2Fwp%2Fv2%2Fmedia&parent=4923"}],"wp:term":[{"taxonomy":"category","embeddable":true,"href":"https:\/\/new.findnews5.com\/index.php?rest_route=%2Fwp%2Fv2%2Fcategories&post=4923"},{"taxonomy":"post_tag","embeddable":true,"href":"https:\/\/new.findnews5.com\/index.php?rest_route=%2Fwp%2Fv2%2Ftags&post=4923"}],"curies":[{"name":"wp","href":"https:\/\/api.w.org\/{rel}","templated":true}]}}