{"id":4910,"date":"2023-10-19T23:33:18","date_gmt":"2023-10-19T23:33:18","guid":{"rendered":"https:\/\/new.findnews5.com\/?p=4910"},"modified":"2023-10-19T23:33:19","modified_gmt":"2023-10-19T23:33:19","slug":"dy-vellezer-humben-jeten-momenti-i-aksidentit-tragjik-ne-tunelin-e-kalimashit","status":"publish","type":"post","link":"https:\/\/new.findnews5.com\/?p=4910","title":{"rendered":"Dy v\u00ebllez\u00ebr humb\u00ebn jet\u00ebn: Momenti i aksidentit tragjik n\u00eb tunelin e Kalimashit"},"content":{"rendered":"<div class=\"78954ae5fa42b68c1393fe3da4998882\" data-index=\"1\" style=\"float: none; margin:0px 0 0px 0; text-align:center;\">\n<div data-type=\"_mgwidget\" data-widget-id=\"1576712\">\r\n<\/div>\r\n<script>(function(w,q){w[q]=w[q]||[];w[q].push([\"_mgc.load\"])})(window,\"_mgq\");\r\n<\/script>\r\n\n<\/div>\n<p>Sadik e Nesret Osmani, p\u00ebrkat\u00ebsisht 58 dhe 45 vje\u00e7 jan\u00eb dy v\u00ebllez\u00ebrit nga Kosova q\u00eb humb\u00ebn jet\u00ebn n\u00eb aksidentin tragjik n\u00eb tunelin e Kalimashit.<\/p>\n<p>Ata kan\u00eb qen\u00eb duke l\u00ebvizur me nj\u00eb mjet tip \u201cFord\u201d n\u00eb korsin\u00eb e shpejt\u00ebsis\u00eb kur jan\u00eb goditur nga pas nga makina tip \u201cMercedes Benz\u201d e drejtuar nga Arben Berisha.<\/p>\n<p>Gjithashtu n\u00eb aksident \u00ebsht\u00eb p\u00ebrfshir\u00eb edhe nj\u00eb autobot q\u00eb \u00ebsht\u00eb goditur nga \u201cBenzi\u201d q\u00eb l\u00ebvizte me shpejt\u00ebsi.<\/p>\n<p>P\u00ebrplasja e automjeteve ka qen\u00eb tep\u00ebr e fort\u00eb pasi dy v\u00ebllez\u00ebrit Sadiku kan\u00eb humbur jet\u00ebn n\u00eb vendngjarje nd\u00ebrsa tre persona jan\u00eb plagosur r\u00ebnd\u00eb.<\/p>\n<p>Arben Berisha, shoferi q\u00eb shkaktoi aksidentin tragjik \u00ebsht\u00eb arrestuar, por ai ka dyshime se ka humbur kontrollin mjetit si pasoj\u00eb e shpejt\u00ebsis\u00eb s\u00eb lart\u00eb.<\/p>\n\n<div style=\"font-size: 0px; height: 0px; line-height: 0px; margin: 0; padding: 0; clear: both;\"><\/div>","protected":false},"excerpt":{"rendered":"<p>Sadik e Nesret Osmani, p\u00ebrkat\u00ebsisht 58 dhe 45 vje\u00e7 jan\u00eb dy v\u00ebllez\u00ebrit nga Kosova q\u00eb humb\u00ebn jet\u00ebn n\u00eb aksidentin tragjik n\u00eb tunelin e Kalimashit. Ata kan\u00eb qen\u00eb&#8230; <\/p>\n","protected":false},"author":1,"featured_media":4911,"comment_status":"open","ping_status":"open","sticky":false,"template":"","format":"standard","meta":{"footnotes":""},"categories":[6],"tags":[],"class_list":["post-4910","post","type-post","status-publish","format-standard","has-post-thumbnail","hentry","category-lajme"],"_links":{"self":[{"href":"https:\/\/new.findnews5.com\/index.php?rest_route=\/wp\/v2\/posts\/4910","targetHints":{"allow":["GET"]}}],"collection":[{"href":"https:\/\/new.findnews5.com\/index.php?rest_route=\/wp\/v2\/posts"}],"about":[{"href":"https:\/\/new.findnews5.com\/index.php?rest_route=\/wp\/v2\/types\/post"}],"author":[{"embeddable":true,"href":"https:\/\/new.findnews5.com\/index.php?rest_route=\/wp\/v2\/users\/1"}],"replies":[{"embeddable":true,"href":"https:\/\/new.findnews5.com\/index.php?rest_route=%2Fwp%2Fv2%2Fcomments&post=4910"}],"version-history":[{"count":0,"href":"https:\/\/new.findnews5.com\/index.php?rest_route=\/wp\/v2\/posts\/4910\/revisions"}],"wp:featuredmedia":[{"embeddable":true,"href":"https:\/\/new.findnews5.com\/index.php?rest_route=\/wp\/v2\/media\/4911"}],"wp:attachment":[{"href":"https:\/\/new.findnews5.com\/index.php?rest_route=%2Fwp%2Fv2%2Fmedia&parent=4910"}],"wp:term":[{"taxonomy":"category","embeddable":true,"href":"https:\/\/new.findnews5.com\/index.php?rest_route=%2Fwp%2Fv2%2Fcategories&post=4910"},{"taxonomy":"post_tag","embeddable":true,"href":"https:\/\/new.findnews5.com\/index.php?rest_route=%2Fwp%2Fv2%2Ftags&post=4910"}],"curies":[{"name":"wp","href":"https:\/\/api.w.org\/{rel}","templated":true}]}}