{"id":4907,"date":"2023-10-19T23:31:02","date_gmt":"2023-10-19T23:31:02","guid":{"rendered":"https:\/\/new.findnews5.com\/?p=4907"},"modified":"2023-10-19T23:31:03","modified_gmt":"2023-10-19T23:31:03","slug":"nuk-dua-burre-te-bukur-por-dike-qe-te-ma-mbledhe-flet-moderatorja-erjola-doci","status":"publish","type":"post","link":"https:\/\/new.findnews5.com\/?p=4907","title":{"rendered":"\u2018Nuk dua burr\u00eb t\u00eb bukur por dik\u00eb q\u00eb t\u00eb ma mbledh\u00eb\u2019! Flet moderatorja Erjola Do\u00e7i"},"content":{"rendered":"<div class=\"78954ae5fa42b68c1393fe3da4998882\" data-index=\"1\" style=\"float: none; margin:0px 0 0px 0; text-align:center;\">\n<div data-type=\"_mgwidget\" data-widget-id=\"1576712\">\r\n<\/div>\r\n<script>(function(w,q){w[q]=w[q]||[];w[q].push([\"_mgc.load\"])})(window,\"_mgq\");\r\n<\/script>\r\n\n<\/div>\n<p>Moderatorja Erjola Do\u00e7i ka q\u00ebn\u00eb sot e ftuara e radh\u00ebs n\u00eb programin \u201cFtes\u00eb ne 5\u201d, ku ka b\u00ebr\u00eb nj\u00eb rr\u00ebfim personal mbrapa kamerave.<\/p>\n<p>Moderatorja e njohur, imazhin e s\u00eb cil\u00ebs jemi m\u00ebsuar ta shohim \u00e7do t\u00eb diel\u00eb n\u00eb programin e njohur \u201cE Diell\u201d, shpesh her\u00eb \u00ebsht\u00eb v\u00ebn\u00eb re p\u00ebr opinionet e saj t\u00eb drejtp\u00ebrdrejta, q\u00eb zakonisht kan\u00eb krijuar zhurm\u00eb n\u00eb rrjet.<\/p>\n<p>Ajo \u00ebsht\u00eb gjithashtu drejtuesja e rubrikes \u201cMos i bjer me top\u201d, t\u00eb cilin e moderon s\u00eb bashku me Ronaldo Shark\u00ebn, p\u00ebr t\u00eb cilin mund t\u00eb themi q\u00eb \u00ebsht\u00eb nj\u00eb program q\u00eb ka t\u00ebrhequr v\u00ebmendjen e teleshikuesve p\u00ebr shkak t\u00eb ftuarve mjaft t\u00eb vecant\u00eb q\u00eb ka zakonisht n\u00eb studio.<\/p>\n<p>N\u00eb intervist\u00ebn e saj t\u00eb dh\u00ebn\u00eb p\u00ebr \u201cFtes\u00eb ne 5\u201d, drejtuar nga Bieta Sulo, Erjola \u00ebsht\u00eb ngacmuar lidhur me faktin se cili \u00ebsht\u00eb partneri ideal p\u00ebr t\u00eb.<\/p>\n<p>Bieta: Tre karaktristikat q\u00eb duhet t\u00eb ket\u00eb partneri yt?<\/p>\n<p>Erjola: Brun, me tipare t\u00eb zeza. T\u00eb mos jet\u00eb i bukur. Dometh\u00ebn\u00eb ta mbaj\u00eb veten por jo i bukur. Nuk i dua meshkujt e bukur. Dhe t\u00eb ma mbledhi, dometh\u00ebn\u00eb t\u00eb jet\u00eb 70% me 30% raporti yn\u00eb. Nuk dua q\u00eb t\u00eb jem un\u00eb lidere n\u00eb marr\u00ebdh\u00ebnie. Nuk jam me emancipimin me th\u00ebn\u00eb t\u00eb drejt\u00ebn.<\/p>\n<p>Bieta: Po me cilin je moj, se na \u00e7udite?<\/p>\n<p>Erjola: Dua lirin\u00eb time por nuk kam qejf q\u00eb vendimet t\u2019i marr\u00eb un\u00eb, dua q\u00eb t\u2019i marr\u00eb partneri. Nuk e di, me at\u00eb frym\u00eb jam rritur dhe ajo m\u00eb p\u00eblqen m\u00eb shum\u00eb.<\/p>\n<p>N\u00eb intervist\u00ebn e saj, Erjola ka treguar gjithashtu se momentalisht \u00ebsht\u00eb ndar\u00eb nga partneri i saj, i cili ka q\u00ebn\u00eb nj\u00eb personazh tep\u00ebr i famsh\u00ebm. Ajo ka shtuar m\u00eb tej se n\u00eb k\u00ebt\u00eb periudh\u00eb t\u00eb jet\u00ebs s\u00eb saj, i dashuri \u00ebsht\u00eb m\u00eb shum\u00eb nj\u00eb barrier\u00eb p\u00ebr t\u00eb.<\/p>\n\n<div style=\"font-size: 0px; height: 0px; line-height: 0px; margin: 0; padding: 0; clear: both;\"><\/div>","protected":false},"excerpt":{"rendered":"<p>Moderatorja Erjola Do\u00e7i ka q\u00ebn\u00eb sot e ftuara e radh\u00ebs n\u00eb programin \u201cFtes\u00eb ne 5\u201d, ku ka b\u00ebr\u00eb nj\u00eb rr\u00ebfim personal mbrapa kamerave. Moderatorja e njohur, imazhin&#8230; <\/p>\n","protected":false},"author":1,"featured_media":4908,"comment_status":"open","ping_status":"open","sticky":false,"template":"","format":"standard","meta":{"footnotes":""},"categories":[6],"tags":[],"class_list":["post-4907","post","type-post","status-publish","format-standard","has-post-thumbnail","hentry","category-lajme"],"_links":{"self":[{"href":"https:\/\/new.findnews5.com\/index.php?rest_route=\/wp\/v2\/posts\/4907","targetHints":{"allow":["GET"]}}],"collection":[{"href":"https:\/\/new.findnews5.com\/index.php?rest_route=\/wp\/v2\/posts"}],"about":[{"href":"https:\/\/new.findnews5.com\/index.php?rest_route=\/wp\/v2\/types\/post"}],"author":[{"embeddable":true,"href":"https:\/\/new.findnews5.com\/index.php?rest_route=\/wp\/v2\/users\/1"}],"replies":[{"embeddable":true,"href":"https:\/\/new.findnews5.com\/index.php?rest_route=%2Fwp%2Fv2%2Fcomments&post=4907"}],"version-history":[{"count":0,"href":"https:\/\/new.findnews5.com\/index.php?rest_route=\/wp\/v2\/posts\/4907\/revisions"}],"wp:featuredmedia":[{"embeddable":true,"href":"https:\/\/new.findnews5.com\/index.php?rest_route=\/wp\/v2\/media\/4908"}],"wp:attachment":[{"href":"https:\/\/new.findnews5.com\/index.php?rest_route=%2Fwp%2Fv2%2Fmedia&parent=4907"}],"wp:term":[{"taxonomy":"category","embeddable":true,"href":"https:\/\/new.findnews5.com\/index.php?rest_route=%2Fwp%2Fv2%2Fcategories&post=4907"},{"taxonomy":"post_tag","embeddable":true,"href":"https:\/\/new.findnews5.com\/index.php?rest_route=%2Fwp%2Fv2%2Ftags&post=4907"}],"curies":[{"name":"wp","href":"https:\/\/api.w.org\/{rel}","templated":true}]}}