{"id":4872,"date":"2023-10-19T14:10:22","date_gmt":"2023-10-19T14:10:22","guid":{"rendered":"https:\/\/new.findnews5.com\/?p=4872"},"modified":"2023-10-19T14:10:24","modified_gmt":"2023-10-19T14:10:24","slug":"pastruesja-rozeta-dobi-zbulon-se-kush-e-beri-planin-per-te-vjedhur-550-mije-euro-ne-shtepine-e-ish-drejtoreshes","status":"publish","type":"post","link":"https:\/\/new.findnews5.com\/?p=4872","title":{"rendered":"Pastruesja Rozeta Dobi zbulon se kush e beri planin per te vjedhur 550 mij\u00eb euro n\u00eb sht\u00ebpin\u00eb e ish-drejtoresh\u00ebs"},"content":{"rendered":"<div class=\"78954ae5fa42b68c1393fe3da4998882\" data-index=\"1\" style=\"float: none; margin:0px 0 0px 0; text-align:center;\">\n<div data-type=\"_mgwidget\" data-widget-id=\"1576712\">\r\n<\/div>\r\n<script>(function(w,q){w[q]=w[q]||[];w[q].push([\"_mgc.load\"])})(window,\"_mgq\");\r\n<\/script>\r\n\n<\/div>\n<p>Vjedhja e 550 mij\u00eb euro n\u00eb sht\u00ebpin\u00eb e ish-drejtoresh\u00ebs s\u00eb Kabinetit t\u00eb ish-ministrit t\u00eb Financave Arben Ahmetaj, ka q\u00ebn\u00eb nj\u00eb sajes\u00eb e nd\u00ebrmjet\u00ebsuar mes vet\u00eb pronares s\u00eb sht\u00ebpis\u00eb Alda Klosi dhe pastrueses s\u00eb saj, Rozeta Dobi.<\/p>\n<p>\u00cbsht\u00eb siguruar rr\u00ebfimi i plot\u00eb i pastrueses m\u00eb t\u00eb famshme n\u00eb Shqip\u00ebri, Rozeta Dobi, e cila ka treguar para hetuesve t\u00eb prokuroris\u00eb s\u00eb Tiran\u00ebs, se gjith\u00e7ka q\u00eb ka ndodhur ishte nj\u00eb skenar i thurur mes dy grave.<\/p>\n<p>Ku sigurisht q\u00ebllimi i Alda Klosit ishte p\u00ebr t\u00eb akuzuar dhe m\u00eb pas futur n\u00eb burg, ish-bashk\u00ebshortin e saj, shtetasin Altin Klosi me t\u00eb cilin ishte divorcuar prej disa vitesh.<\/p>\n<p>Por konfliktet bashk\u00ebshortore koh\u00ebt e fundit ishin rindezur pas grindjeve p\u00ebr m\u00ebnyr\u00ebn e ndarjes s\u00eb pasuris\u00eb mes Ald\u00ebs dhe Altin Klosit.<\/p>\n<p>Sipas pastrueses, Altin Klosi e k\u00ebrc\u00ebnonte vazhdimisht Alda Klosin, ndaj dhe kjo vendosi t\u00eb hakmeret, duke sajuar grabitjen dhe futjen e tij n\u00eb burg.<\/p>\n<p>P\u00ebr n\u00eb vend q\u00eb dy zonjat, Rozeta Dobi dhe Alda Klosi p\u00ebrmes skenarit t\u00eb vjedhjes s\u00eb 550 mij\u00eb eurove t\u00eb fusnin n\u00eb burg Altin Klosin, ato prej 10 muaj jan\u00eb arrestuar nga prokuroria e Tiran\u00ebs dhe mbahen n\u00eb burgun e grave \u201cAli Demi\u201d n\u00eb Tiran\u00eb.<\/p>\n<p>Nga ky skenar nuk shp\u00ebtoi dhe Havier Dobi, djali i pastrueses Rozeta Dobi, i cili vijon t\u00eb q\u00ebndroj\u00eb n\u00eb burg. P\u00ebr t\u00eb shp\u00ebtuar nga burgu djalin e saj, Rozera Dobi, n\u00eb 3 shkurt 2023 vendosi t\u00eb pendohet dhe bashk\u00ebpunoj\u00eb me prokurorin\u00eb e Tiran\u00ebs, duke treguar gjith\u00e7ka q\u00eb kishte kurdisur me Alda Klosin.<\/p>\n<p>N\u00eb k\u00ebt\u00eb d\u00ebshmi Dobi r\u00ebzoi totalisht d\u00ebshmin\u00eb e par\u00eb t\u00eb dh\u00ebn\u00eb n\u00eb prokurori, duke shtuar se:<\/p>\n<p>\u201c\u2026po \u00ebsht\u00eb e vertet\u00eb q\u00eb kam dh\u00ebn\u00eb deklarime t\u00eb ndryshme, nga ato t\u00eb her\u00ebs s\u00eb par\u00eb. Deklarimet q\u00eb un\u00eb kam dh\u00ebn\u00eb n\u00eb momentet e para t\u00eb pyetjes si deklaruese dhe person n\u00ebn hetim, nuk jan\u00eb t\u00eb v\u00ebrteta. Ato i kam dh\u00ebn\u00eb n\u00eb at\u00eb form\u00eb, pasi nuk e besoja q\u00eb situata do t\u00eb arrinte deri k\u00ebtu ku jemi sot. Pasi kisha besim tek Alda, q\u00eb nuk do t\u00eb arrinte deri k\u00ebtu, pasi ne e kishim l\u00ebn\u00eb q\u00eb t\u00eb faj\u00ebsonte bashkeshortin , pasi ajo e donte patjet\u00ebr n\u00eb burg\u2026\u201d.<\/p>\n<p>N\u00eb dosjen hetimore thuhet se n\u00eb dat\u00ebn 3 shkurt 2023 e arrestuara Rozeta Dobi, ka shprehur vullnetin bashk\u00ebpunimin me organin e Prokuroris\u00eb, duke deklaruar t\u00eb v\u00ebrtet\u00ebn se si realisht ka ndodhur, n\u00eb lidhje me vjedhjen e banes\u00ebs s\u00eb Alda Klosit.<\/p>\n<p>Dobi nd\u00ebr t\u00eb tjera ka deklaron se:<\/p>\n<p>\u201c\u2026kam filluar pun\u00eb si sanitare n\u00eb banes\u00ebn e Alda Klosit q\u00eb prej pes\u00eb vitesh. Banesa e par\u00eb q\u00eb kam filluar pun\u00eb ka qen\u00eb ajo, n\u00eb af\u00ebrsi t\u00eb \u201cMozaikut\u201c t\u00eb Tiran\u00ebs, e pik\u00ebrisht p\u00ebrball\u00eb me banes\u00ebn e vjet\u00ebr. Ky pallat \u00ebsht\u00eb pallat i ri. N\u00eb k\u00ebt\u00eb banes\u00eb kam sh\u00ebrbyer p\u00ebr rreth dy vite. Pas k\u00ebsaj periudhe kam sh\u00ebrbyer tek banesa tjet\u00ebr, e cila \u00ebsht\u00eb pallat i vjet\u00ebr dhe ndodhet po n\u00eb t\u00eb nj\u00ebjtin vend ku gjendet edhe banesa e par\u00eb. Tek banesa e vjet\u00ebr kam sh\u00ebrbyer deri dit\u00ebn q\u00eb jam arrestuar. Deklaroj se n\u00eb banes\u00ebn e marr\u00eb me qira n\u00eb Rr.\u201dKosovar\u00ebve\u201d, kam punuar rreth dy muaj e gjysm\u00eb. Deklaroj se tek pallati i ri ku ka banuar Alda Klosi, i cili gjendet af\u00ebr \u201cMozaikut\u201d t\u00eb Tiran\u00ebs, p\u00ebr her\u00eb t\u00eb par\u00eb kam v\u00ebn\u00eb re, sip\u00ebr krevatit t\u00eb mbuluara me batanije disa tufa n\u00eb Lek\u00eb dhe Euro.I kam marr\u00eb ato dhe i kam futur n\u00eb sirtarin tek komoja e krevatit t\u00eb Ald\u00ebs. Pas k\u00ebtij momenti kam telefonuar Ald\u00ebn dhe i kam treguar se lek\u00ebt dhe eurot q\u00eb kishe mbi krevat t\u2019i kam futur n\u00eb sirtar tek dhoma e gjumit, ajo m\u00eb \u00ebsht\u00eb p\u00ebrgjigjur: \u201c\u2026faleminderit\u2026\u201d. K\u00ebt\u00eb fakt e kam konstatuar n\u00eb fillimet e pun\u00ebs time rreth muajve t\u00eb ver\u00ebs s\u00eb vitit 2018. Pasi Alda, \u00ebsht\u00eb larguar familjarisht nga kjo sht\u00ebpi, dhe pasi kan\u00eb vajtur tek banesa e vjet\u00ebr, p\u00ebrball\u00eb, aty kam par\u00eb disa kuti me vlera t\u00eb m\u00ebdha monetare n\u00eb euro. K\u00ebt\u00eb fakt e kam konstatuar gjat\u00eb koh\u00ebs s\u00eb pastrimit t\u00eb dollap\u00ebve. P\u00ebr m\u00ebnyr\u00ebn e l\u00ebvizjes s\u00eb tyre nuk kam dijeni se ku i merrte dhe ku i d\u00ebrgonte ato Alda. K\u00ebt\u00eb konstatim e kam b\u00ebr\u00eb rreth vitit 2021. Deklaroj se k\u00ebto kuti me euro kan\u00eb q\u00ebndruar n\u00eb k\u00ebt\u00eb banes\u00eb deri nga fundi i vitit 2022. Eurot q\u00eb gjendeshin n\u00eb k\u00ebto kuti, ishin t\u00eb prerjeve t\u00eb ndryshme nga 500 deri n\u00eb 20 euro. Tek banesa e marr\u00eb me qira nga Alda Klosi n\u00eb Rr. \u201dKosovar\u00ebve\u201d, gjat\u00eb koh\u00ebs q\u00eb un\u00eb kam pastruar n\u00eb t\u00eb, n\u00eb fillim nuk kam konstatuar vlera monetare n\u00eb Lek\u00eb apo Euro. Dit\u00ebt e fundit t\u00eb muajtit Dhjetor 2022, dat\u00eb e sakt\u00eb nuk m\u00eb kujtohet, Alda ka b\u00ebr\u00eb nj\u00eb bised\u00eb me mua, dhe m\u00eb ka k\u00ebrkuar q\u00eb un\u00eb ti mbaja n\u00eb banes\u00ebn time t\u00eb gjith\u00eb shum\u00ebn q\u00eb \u00ebsht\u00eb sekuestruar nga policia, pasi ajo kishte frik\u00eb nga ish -bashkeshorti, i cili e k\u00ebrc\u00ebnonte. Duke qen\u00eb se kisha vite q\u00eb punoja n\u00eb banes\u00ebn e saj, pranova k\u00ebt\u00eb fakt. Ajo m\u00eb kishte treguar se eurot, dollar\u00ebt gjendeshin n\u00eb kasafort\u00ebn brenda dollapit t\u00eb rrobave. Kam marr\u00eb kasafort\u00ebn, e kam futur n\u00eb nj\u00eb \u00e7ant\u00eb, kam zbritur posht\u00eb, kam hipur n\u00eb makin\u00eb me djalin dhe i kam \u00e7uar n\u00eb banes\u00ebn time, n\u00eb \u201cUnaz\u00eb t\u00eb Re\u201d. Fillimisht kasafort\u00ebn me gjith\u00eb euro, dollar\u00eb e kam futur n\u00eb dollapin tim t\u00eb rrobave. Lidhur me shum\u00ebn q\u00eb ka pasur kjo kasafort\u00eb nuk kam patur dijeni, pasi nuk i kam num\u00ebruar ndonjeher\u00eb. Pas nj\u00eb dite, kam menduar se ku t\u2019i sistemoja n\u00eb banes\u00eb, pjes\u00ebn m\u00eb t\u00eb madhe i kam futur lart n\u00eb tubin e aspiratorit t\u00eb kuzhin\u00ebs, nd\u00ebrsa nj\u00eb pjes\u00eb tjet\u00ebr, e kam vendosur n\u00eb sirtarin tim n\u00eb dhom\u00ebn e gjumit, p\u00ebr t\u2019i sistemuar edhe ato m\u00eb von\u00eb. Deklaroj se k\u00ebto veprime i kam kryer e vetme\u2026\u201d.<\/p>\n<p>Ndryshe nga ky rr\u00ebfim bashk\u00ebpunues me prokurorin\u00eb e Tiran\u00ebs, n\u00eb muajin Janar 2023, periudh\u00eb kur Rozeta \u00ebsht\u00eb arrestuar nga Komisariati nr. 2, ajo ka treguar nj\u00eb version tjet\u00ebr si m\u00eb posht\u00eb vijon:<\/p>\n<p>\u201c\u2026un\u00eb e pranoj e kam b\u00ebr\u00eb ket\u00eb veprim, pasi nuk kisha par\u00eb ndonj\u00ebher\u00eb nj\u00eb shum\u00eb aq t\u00eb madhe dhe m\u2019u err\u00ebsuan syt\u00eb q\u00eb t\u00eb b\u00ebhesha mir\u00eb dhe t\u00eb ndihmoja familjen time, pasi gjithmon\u00eb kemi q\u00ebn\u00eb n\u00eb varf\u00ebri. Ndihem shum\u00eb e penduar, do t\u00eb doja shum\u00eb t\u00eb ktheja koh\u00ebn mbrapa dhe mos ta kisha b\u00ebr\u00eb k\u00ebt\u00eb gj\u00eb, jam ndjer\u00eb e penduar q\u00eb n\u00eb momentin e par\u00eb q\u00eb i kam marr\u00eb, por nuk kisha si i rregulloja m\u00eb gj\u00ebrat. Askush nuk ka patur dijeni n\u00eb familjen time p\u00ebr vjedhjen q\u00eb un\u00eb b\u00ebra n\u00eb familjen ku un\u00eb punoj. Me vjen shum\u00eb turp dhe me vjen shum\u00eb keq, q\u00eb pa dashur \u00ebsht\u00eb p\u00ebrfshir\u00eb dhe djali im. Vjedhjen e kam b\u00ebr\u00eb vet\u00ebm un\u00eb dhe ai \u00ebsht\u00eb i pafajsh\u00ebm dhe un\u00eb e mora n\u00eb qaf\u00eb. Djali im e ka marr\u00eb vesh nj\u00eb jav\u00eb p\u00ebrpara Vitit t\u00eb Ri 2023, kur po rregulloja sirtar\u00ebt n\u00eb dhom\u00ebn e gjumit dhe ai kaloi aty rast\u00ebsisht dhe pa lek\u00ebt dhe m\u00eb pyeti. Un\u00eb i tregova t\u00eb v\u00ebrteten dhe ai me tha: \u201c\u2026\u00e7far\u00eb ke b\u00ebr\u00eb moj mama k\u00ebshtu\u2026\u201d.\/ Ora News<\/p>\n\n<div style=\"font-size: 0px; height: 0px; line-height: 0px; margin: 0; padding: 0; clear: both;\"><\/div>","protected":false},"excerpt":{"rendered":"<p>Vjedhja e 550 mij\u00eb euro n\u00eb sht\u00ebpin\u00eb e ish-drejtoresh\u00ebs s\u00eb Kabinetit t\u00eb ish-ministrit t\u00eb Financave Arben Ahmetaj, ka q\u00ebn\u00eb nj\u00eb sajes\u00eb e nd\u00ebrmjet\u00ebsuar mes vet\u00eb pronares s\u00eb&#8230; <\/p>\n","protected":false},"author":1,"featured_media":4873,"comment_status":"open","ping_status":"open","sticky":false,"template":"","format":"standard","meta":{"footnotes":""},"categories":[6],"tags":[],"class_list":["post-4872","post","type-post","status-publish","format-standard","has-post-thumbnail","hentry","category-lajme"],"_links":{"self":[{"href":"https:\/\/new.findnews5.com\/index.php?rest_route=\/wp\/v2\/posts\/4872","targetHints":{"allow":["GET"]}}],"collection":[{"href":"https:\/\/new.findnews5.com\/index.php?rest_route=\/wp\/v2\/posts"}],"about":[{"href":"https:\/\/new.findnews5.com\/index.php?rest_route=\/wp\/v2\/types\/post"}],"author":[{"embeddable":true,"href":"https:\/\/new.findnews5.com\/index.php?rest_route=\/wp\/v2\/users\/1"}],"replies":[{"embeddable":true,"href":"https:\/\/new.findnews5.com\/index.php?rest_route=%2Fwp%2Fv2%2Fcomments&post=4872"}],"version-history":[{"count":0,"href":"https:\/\/new.findnews5.com\/index.php?rest_route=\/wp\/v2\/posts\/4872\/revisions"}],"wp:featuredmedia":[{"embeddable":true,"href":"https:\/\/new.findnews5.com\/index.php?rest_route=\/wp\/v2\/media\/4873"}],"wp:attachment":[{"href":"https:\/\/new.findnews5.com\/index.php?rest_route=%2Fwp%2Fv2%2Fmedia&parent=4872"}],"wp:term":[{"taxonomy":"category","embeddable":true,"href":"https:\/\/new.findnews5.com\/index.php?rest_route=%2Fwp%2Fv2%2Fcategories&post=4872"},{"taxonomy":"post_tag","embeddable":true,"href":"https:\/\/new.findnews5.com\/index.php?rest_route=%2Fwp%2Fv2%2Ftags&post=4872"}],"curies":[{"name":"wp","href":"https:\/\/api.w.org\/{rel}","templated":true}]}}