{"id":4863,"date":"2023-10-19T11:14:56","date_gmt":"2023-10-19T11:14:56","guid":{"rendered":"https:\/\/new.findnews5.com\/?p=4863"},"modified":"2023-10-19T11:14:57","modified_gmt":"2023-10-19T11:14:57","slug":"paguan-1400-euro-por-nuk-gjen-dot-punetore-te-rinjte-nuk-duan-tia-dine-per-kete-pune","status":"publish","type":"post","link":"https:\/\/new.findnews5.com\/?p=4863","title":{"rendered":"Paguan 1400 euro, por nuk gjen dot pun\u00ebtor\u00eb: T\u00eb rinjt\u00eb nuk duan t\u2019ia din\u00eb p\u00ebr k\u00ebt\u00eb pun\u00eb"},"content":{"rendered":"<div class=\"78954ae5fa42b68c1393fe3da4998882\" data-index=\"1\" style=\"float: none; margin:0px 0 0px 0; text-align:center;\">\n<div data-type=\"_mgwidget\" data-widget-id=\"1576712\">\r\n<\/div>\r\n<script>(function(w,q){w[q]=w[q]||[];w[q].push([\"_mgc.load\"])})(window,\"_mgq\");\r\n<\/script>\r\n\n<\/div>\n<p>Shefi i kuzhin\u00ebs Filippo La Mantia i bashkohet radh\u00ebve t\u00eb restoranteve q\u00eb ankohen p\u00ebr munges\u00ebn e stafit. \u201cMentaliteti ka ndryshuar, sot \u00ebsht\u00eb e r\u00ebnd\u00ebsishme t\u00eb kemi koh\u00eb\u201d<\/p>\n<p>Gjetja e kuzhinier\u00ebve dhe kamarier\u00ebve \u00ebsht\u00eb kthyer n\u00eb nj\u00eb sfid\u00eb n\u00eb Itali. Kjo t\u00eb pakt\u00ebn denoncohet nga sip\u00ebrmarr\u00ebsit e kateringut q\u00eb ankohen p\u00ebr munges\u00eb t\u00eb personelit t\u00eb kualifikuar.<\/p>\n<p>Shefi i kuzhin\u00ebs me origjin\u00eb siciliane Filippo La Mantia thot\u00eb se pandemin\u00eb \u201cdjemt\u00eb kan\u00eb ndryshuar v\u00ebrtet mentalitet\u201d.<\/p>\n<p>N\u00ebse \u201cderi p\u00ebrpara Covid-it ishte e r\u00ebnd\u00ebsishme q\u00eb ata t\u00eb gjenin nj\u00eb pun\u00eb, tani \u00ebsht\u00eb m\u00eb e r\u00ebnd\u00ebsishme t\u00eb kesh koh\u00eb. Ata nuk jan\u00eb t\u00eb gatsh\u00ebm t\u00eb punojn\u00eb von\u00eb nat\u00ebn ose n\u00eb pushime\u201d.<\/p>\n\n<div style=\"font-size: 0px; height: 0px; line-height: 0px; margin: 0; padding: 0; clear: both;\"><\/div>","protected":false},"excerpt":{"rendered":"<p>Shefi i kuzhin\u00ebs Filippo La Mantia i bashkohet radh\u00ebve t\u00eb restoranteve q\u00eb ankohen p\u00ebr munges\u00ebn e stafit. \u201cMentaliteti ka ndryshuar, sot \u00ebsht\u00eb e r\u00ebnd\u00ebsishme t\u00eb kemi koh\u00eb\u201d&#8230; <\/p>\n","protected":false},"author":1,"featured_media":4864,"comment_status":"open","ping_status":"open","sticky":false,"template":"","format":"standard","meta":{"footnotes":""},"categories":[6],"tags":[],"class_list":["post-4863","post","type-post","status-publish","format-standard","has-post-thumbnail","hentry","category-lajme"],"_links":{"self":[{"href":"https:\/\/new.findnews5.com\/index.php?rest_route=\/wp\/v2\/posts\/4863","targetHints":{"allow":["GET"]}}],"collection":[{"href":"https:\/\/new.findnews5.com\/index.php?rest_route=\/wp\/v2\/posts"}],"about":[{"href":"https:\/\/new.findnews5.com\/index.php?rest_route=\/wp\/v2\/types\/post"}],"author":[{"embeddable":true,"href":"https:\/\/new.findnews5.com\/index.php?rest_route=\/wp\/v2\/users\/1"}],"replies":[{"embeddable":true,"href":"https:\/\/new.findnews5.com\/index.php?rest_route=%2Fwp%2Fv2%2Fcomments&post=4863"}],"version-history":[{"count":0,"href":"https:\/\/new.findnews5.com\/index.php?rest_route=\/wp\/v2\/posts\/4863\/revisions"}],"wp:featuredmedia":[{"embeddable":true,"href":"https:\/\/new.findnews5.com\/index.php?rest_route=\/wp\/v2\/media\/4864"}],"wp:attachment":[{"href":"https:\/\/new.findnews5.com\/index.php?rest_route=%2Fwp%2Fv2%2Fmedia&parent=4863"}],"wp:term":[{"taxonomy":"category","embeddable":true,"href":"https:\/\/new.findnews5.com\/index.php?rest_route=%2Fwp%2Fv2%2Fcategories&post=4863"},{"taxonomy":"post_tag","embeddable":true,"href":"https:\/\/new.findnews5.com\/index.php?rest_route=%2Fwp%2Fv2%2Ftags&post=4863"}],"curies":[{"name":"wp","href":"https:\/\/api.w.org\/{rel}","templated":true}]}}