{"id":4853,"date":"2023-10-19T07:48:00","date_gmt":"2023-10-19T07:48:00","guid":{"rendered":"https:\/\/new.findnews5.com\/?p=4853"},"modified":"2023-10-19T07:48:01","modified_gmt":"2023-10-19T07:48:01","slug":"e-nxorri-ne-rruge-aktorja-befason-ag-ron-lla-kaj-sme-perballonte-une-hargjoja-shume","status":"publish","type":"post","link":"https:\/\/new.findnews5.com\/?p=4853","title":{"rendered":"E nxorri ne \u2018rrug\u00eb\u2019! Aktorja befason: Ag ron Lla kaj sm\u00eb p\u00ebrballonte, un\u00eb hargjoja shum\u00eb"},"content":{"rendered":"<div class=\"78954ae5fa42b68c1393fe3da4998882\" data-index=\"1\" style=\"float: none; margin:0px 0 0px 0; text-align:center;\">\n<div data-type=\"_mgwidget\" data-widget-id=\"1576712\">\r\n<\/div>\r\n<script>(function(w,q){w[q]=w[q]||[];w[q].push([\"_mgc.load\"])})(window,\"_mgq\");\r\n<\/script>\r\n\n<\/div>\n<p>Eriselda Shllaku, aktorja e njohur shqiptare e telekomedive n\u00eb vitet 2000, ka qen\u00eb e ftuar n\u00eb emisionin #Expuls.<br \/>\nAjo ka sqaruar dhe largimin nga puna, pa lajm\u00ebruar nga moderatori dhe aktori i humorit Agron Llakaj.<\/p>\n<p>Shllaku u shpreh se arsyeja q\u00eb i kan\u00eb dh\u00ebn\u00eb p\u00ebr largimin nga puna ka qen\u00eb mungesa e fondeve.<br \/>\nEriselda Shllaku: Po m\u00eb ka hequr nga puna pa paralajm\u00ebrim. Pas deklarat\u00ebs nuk m\u00eb ka kontaktuar . Realiteti \u00ebsht\u00eb ashtu sikur e thash\u00eb.<\/p>\n<p>Nj\u00eb dit\u00eb t\u00eb bukur, m\u00eb erdhi nj\u00eb mesazh nga asistentja e Gonit dhe m\u00eb tha se nuk je m\u00eb pjes\u00eb e Al Pazar, p\u00ebr munges\u00eb fondesh.<\/p>\n<p>Shkova nes\u00ebr t\u00eb flisja me Gonin he me qet\u00ebsin\u00eb m\u00eb t\u00eb madhe m\u00eb tha p\u00ebr munges\u00eb fondesh nuk do jesh m\u00eb. P\u00ebr Gonin ndoshta isha e shtrenjt\u00eb, s\u2019p\u00ebrballonte dot shpenzimet e mia.<\/p>\n\n<div style=\"font-size: 0px; height: 0px; line-height: 0px; margin: 0; padding: 0; clear: both;\"><\/div>","protected":false},"excerpt":{"rendered":"<p>Eriselda Shllaku, aktorja e njohur shqiptare e telekomedive n\u00eb vitet 2000, ka qen\u00eb e ftuar n\u00eb emisionin #Expuls. Ajo ka sqaruar dhe largimin nga puna, pa lajm\u00ebruar&#8230; <\/p>\n","protected":false},"author":1,"featured_media":4854,"comment_status":"open","ping_status":"open","sticky":false,"template":"","format":"standard","meta":{"footnotes":""},"categories":[6],"tags":[],"class_list":["post-4853","post","type-post","status-publish","format-standard","has-post-thumbnail","hentry","category-lajme"],"_links":{"self":[{"href":"https:\/\/new.findnews5.com\/index.php?rest_route=\/wp\/v2\/posts\/4853","targetHints":{"allow":["GET"]}}],"collection":[{"href":"https:\/\/new.findnews5.com\/index.php?rest_route=\/wp\/v2\/posts"}],"about":[{"href":"https:\/\/new.findnews5.com\/index.php?rest_route=\/wp\/v2\/types\/post"}],"author":[{"embeddable":true,"href":"https:\/\/new.findnews5.com\/index.php?rest_route=\/wp\/v2\/users\/1"}],"replies":[{"embeddable":true,"href":"https:\/\/new.findnews5.com\/index.php?rest_route=%2Fwp%2Fv2%2Fcomments&post=4853"}],"version-history":[{"count":0,"href":"https:\/\/new.findnews5.com\/index.php?rest_route=\/wp\/v2\/posts\/4853\/revisions"}],"wp:featuredmedia":[{"embeddable":true,"href":"https:\/\/new.findnews5.com\/index.php?rest_route=\/wp\/v2\/media\/4854"}],"wp:attachment":[{"href":"https:\/\/new.findnews5.com\/index.php?rest_route=%2Fwp%2Fv2%2Fmedia&parent=4853"}],"wp:term":[{"taxonomy":"category","embeddable":true,"href":"https:\/\/new.findnews5.com\/index.php?rest_route=%2Fwp%2Fv2%2Fcategories&post=4853"},{"taxonomy":"post_tag","embeddable":true,"href":"https:\/\/new.findnews5.com\/index.php?rest_route=%2Fwp%2Fv2%2Ftags&post=4853"}],"curies":[{"name":"wp","href":"https:\/\/api.w.org\/{rel}","templated":true}]}}