{"id":4838,"date":"2023-10-18T13:07:23","date_gmt":"2023-10-18T13:07:23","guid":{"rendered":"https:\/\/new.findnews5.com\/?p=4838"},"modified":"2023-10-18T13:07:24","modified_gmt":"2023-10-18T13:07:24","slug":"vdes-infermjera-qendresa-llapashtica-ismajli-la-pas-dy-vajza-njeren-2-vjece-e-tjetren-2-muajshe","status":"publish","type":"post","link":"https:\/\/new.findnews5.com\/?p=4838","title":{"rendered":"Vdes infermjera Qendresa Llapashtica Ismajli: La pas dy vajza, nj\u00ebr\u00ebn 2 vje\u00e7e e tjetr\u00ebn 2 muajshe"},"content":{"rendered":"<div class=\"78954ae5fa42b68c1393fe3da4998882\" data-index=\"1\" style=\"float: none; margin:0px 0 0px 0; text-align:center;\">\n<div data-type=\"_mgwidget\" data-widget-id=\"1576712\">\r\n<\/div>\r\n<script>(function(w,q){w[q]=w[q]||[];w[q].push([\"_mgc.load\"])})(window,\"_mgq\");\r\n<\/script>\r\n\n<\/div>\n<p>Sot gjat\u00eb or\u00ebve t\u00eb m\u00ebngjesit ka vdekur Qendresa Llapashtica Ismajli, 26 vje\u00e7arja p\u00ebr t\u00eb cil\u00ebn familjar\u00ebt k\u00ebrkuan ndihm\u00eb p\u00ebr sh\u00ebrim jasht\u00eb Kosov\u00ebs.<\/p>\n<p>Lajmin e hidhur e ka dh\u00ebn\u00eb bashk\u00ebshorti i sak Erduan Ismajli.<\/p>\n<p>\u201cNjoftim, me pik\u00ebllim t\u00eb thell\u00eb dhe zem\u00ebr t\u00eb thyer, t\u00eb dashur familjar\u00eb, miq e dashamir\u00eb ju njoftojm\u00eb se me 17.10.2023 nd\u00ebrroi jet\u00eb m\u00eb e dashura jon\u00eb Qendresa Llapshtica-Ismajli. Varrimi b\u00ebhet me dat\u00eb 19.10.2023 n\u00eb Prishtin\u00eb tek varrezat e Dragodanit me namazin e drekes (13:00). Te pik\u00eblluar familja Llapashtica dhe Ismajli\u201d.<\/p>\n<p>Q\u00ebndresa la pas dy vajza, nj\u00ebra 2-vje\u00e7e e tjetra 2 muajshe.<\/p>\n<p>Ishte diagnostikuar me leukemi akute, sh\u00ebrimi i s\u00eb cil\u00ebs fatkeq\u00ebsisht nuk ishte i mundur t\u00eb b\u00ebhej n\u00eb Kosov\u00eb.<\/p>\n\n<div style=\"font-size: 0px; height: 0px; line-height: 0px; margin: 0; padding: 0; clear: both;\"><\/div>","protected":false},"excerpt":{"rendered":"<p>Sot gjat\u00eb or\u00ebve t\u00eb m\u00ebngjesit ka vdekur Qendresa Llapashtica Ismajli, 26 vje\u00e7arja p\u00ebr t\u00eb cil\u00ebn familjar\u00ebt k\u00ebrkuan ndihm\u00eb p\u00ebr sh\u00ebrim jasht\u00eb Kosov\u00ebs. Lajmin e hidhur e ka&#8230; <\/p>\n","protected":false},"author":1,"featured_media":4839,"comment_status":"open","ping_status":"open","sticky":false,"template":"","format":"standard","meta":{"footnotes":""},"categories":[6],"tags":[],"class_list":["post-4838","post","type-post","status-publish","format-standard","has-post-thumbnail","hentry","category-lajme"],"_links":{"self":[{"href":"https:\/\/new.findnews5.com\/index.php?rest_route=\/wp\/v2\/posts\/4838","targetHints":{"allow":["GET"]}}],"collection":[{"href":"https:\/\/new.findnews5.com\/index.php?rest_route=\/wp\/v2\/posts"}],"about":[{"href":"https:\/\/new.findnews5.com\/index.php?rest_route=\/wp\/v2\/types\/post"}],"author":[{"embeddable":true,"href":"https:\/\/new.findnews5.com\/index.php?rest_route=\/wp\/v2\/users\/1"}],"replies":[{"embeddable":true,"href":"https:\/\/new.findnews5.com\/index.php?rest_route=%2Fwp%2Fv2%2Fcomments&post=4838"}],"version-history":[{"count":0,"href":"https:\/\/new.findnews5.com\/index.php?rest_route=\/wp\/v2\/posts\/4838\/revisions"}],"wp:featuredmedia":[{"embeddable":true,"href":"https:\/\/new.findnews5.com\/index.php?rest_route=\/wp\/v2\/media\/4839"}],"wp:attachment":[{"href":"https:\/\/new.findnews5.com\/index.php?rest_route=%2Fwp%2Fv2%2Fmedia&parent=4838"}],"wp:term":[{"taxonomy":"category","embeddable":true,"href":"https:\/\/new.findnews5.com\/index.php?rest_route=%2Fwp%2Fv2%2Fcategories&post=4838"},{"taxonomy":"post_tag","embeddable":true,"href":"https:\/\/new.findnews5.com\/index.php?rest_route=%2Fwp%2Fv2%2Ftags&post=4838"}],"curies":[{"name":"wp","href":"https:\/\/api.w.org\/{rel}","templated":true}]}}