{"id":4817,"date":"2023-10-17T15:11:16","date_gmt":"2023-10-17T15:11:16","guid":{"rendered":"https:\/\/new.findnews5.com\/?p=4817"},"modified":"2023-10-17T15:11:17","modified_gmt":"2023-10-17T15:11:17","slug":"aurela-gace-feston-ditelindjen-sa-vjec-mbushi-uragan-i-skenes-shqiptare","status":"publish","type":"post","link":"https:\/\/new.findnews5.com\/?p=4817","title":{"rendered":"Aurela Ga\u00e7e feston dit\u00eblindjen, sa vje\u00e7 mbushi \u201curagan i sken\u00ebs\u201d shqiptare"},"content":{"rendered":"<div class=\"78954ae5fa42b68c1393fe3da4998882\" data-index=\"1\" style=\"float: none; margin:0px 0 0px 0; text-align:center;\">\n<div data-type=\"_mgwidget\" data-widget-id=\"1576712\">\r\n<\/div>\r\n<script>(function(w,q){w[q]=w[q]||[];w[q].push([\"_mgc.load\"])})(window,\"_mgq\");\r\n<\/script>\r\n\n<\/div>\n<p>K\u00ebng\u00ebtarja Aurela Ga\u00e7e ka lindur m\u00eb 16 tetor 1974 dhe ka festuar dit\u00eblindjen e 49. Aurela \u00ebsht\u00eb rasti m\u00eb i mir\u00eb i \u201cvitet jan\u00eb thjesht numra\u201d. Ajo ka b\u00ebr\u00eb nj\u00eb postim n\u00eb Instagramin e saj me rastin e dit\u00eblindjes ku shfaqet n\u00eb palest\u00ebr duke u ushtruar.<\/p>\n<p>Kjo \u00ebsht\u00eb edhe arsyeja pse ajo njihet edhe si \u201curagani i sken\u00ebs\u201d, t\u00eb cil\u00ebs di far\u00eb mir\u00eb \u201ct\u2019i v\u00ebr\u00eb flak\u00ebn\u201d. Urimet p\u00ebr k\u00ebng\u00ebtaren n\u00eb rrjetet sociale kan\u00eb nisur q\u00eb n\u00eb mesnat\u00eb nga miqt\u00eb e fansat e saj. Kujtojm\u00eb se pak koh\u00eb m\u00eb par\u00eb, Aurela na ka \u201ctrishtuar\u201d me nj\u00eb postim t\u00eb b\u00ebr\u00eb n\u00eb profilin e saj t\u00eb Instagramit, duke lajm\u00ebruar se nuk do t\u00eb jet\u00eb pran\u00eb publikut k\u00ebt\u00eb sezon dim\u00ebror.<\/p>\n<p>\u201cP\u00ebr t\u00eb gjith\u00eb ju q\u00eb jeni m\u00ebsuar t\u00eb m\u00eb shihni me performanca \u201clive\u201d prej pothuaj 10-11 vitesh n\u00eb Tiran\u00eb, p\u00ebr t\u00eb gjith\u00eb ju q\u00eb m\u00eb pyesni se kur do filloj\u00eb sezoni iri, ju b\u00ebj me dije se k\u00ebt\u00eb sezon dim\u00ebror nuk do jem pran\u00eb jush. Sigurisht do t\u00eb jem me data t\u00eb caktuara por jo cdo fundjav\u00eb, ashtu si vitet e m\u00ebpar\u00ebshme\u201c.<\/p>\n<p>Nuk \u00ebsht\u00eb ende e qart\u00eb arsyeja se pse k\u00ebng\u00ebtarja e talentuar ka marr\u00eb k\u00ebt\u00eb vendim por le t\u00eb shpresojm\u00eb q\u00eb artistja po p\u00ebrgatitet p\u00ebr surpriza akoma m\u00eb t\u00eb m\u00ebdha.<\/p>\n\n<div style=\"font-size: 0px; height: 0px; line-height: 0px; margin: 0; padding: 0; clear: both;\"><\/div>","protected":false},"excerpt":{"rendered":"<p>K\u00ebng\u00ebtarja Aurela Ga\u00e7e ka lindur m\u00eb 16 tetor 1974 dhe ka festuar dit\u00eblindjen e 49. Aurela \u00ebsht\u00eb rasti m\u00eb i mir\u00eb i \u201cvitet jan\u00eb thjesht numra\u201d. Ajo&#8230; <\/p>\n","protected":false},"author":1,"featured_media":4818,"comment_status":"open","ping_status":"open","sticky":false,"template":"","format":"standard","meta":{"footnotes":""},"categories":[6],"tags":[],"class_list":["post-4817","post","type-post","status-publish","format-standard","has-post-thumbnail","hentry","category-lajme"],"_links":{"self":[{"href":"https:\/\/new.findnews5.com\/index.php?rest_route=\/wp\/v2\/posts\/4817","targetHints":{"allow":["GET"]}}],"collection":[{"href":"https:\/\/new.findnews5.com\/index.php?rest_route=\/wp\/v2\/posts"}],"about":[{"href":"https:\/\/new.findnews5.com\/index.php?rest_route=\/wp\/v2\/types\/post"}],"author":[{"embeddable":true,"href":"https:\/\/new.findnews5.com\/index.php?rest_route=\/wp\/v2\/users\/1"}],"replies":[{"embeddable":true,"href":"https:\/\/new.findnews5.com\/index.php?rest_route=%2Fwp%2Fv2%2Fcomments&post=4817"}],"version-history":[{"count":0,"href":"https:\/\/new.findnews5.com\/index.php?rest_route=\/wp\/v2\/posts\/4817\/revisions"}],"wp:featuredmedia":[{"embeddable":true,"href":"https:\/\/new.findnews5.com\/index.php?rest_route=\/wp\/v2\/media\/4818"}],"wp:attachment":[{"href":"https:\/\/new.findnews5.com\/index.php?rest_route=%2Fwp%2Fv2%2Fmedia&parent=4817"}],"wp:term":[{"taxonomy":"category","embeddable":true,"href":"https:\/\/new.findnews5.com\/index.php?rest_route=%2Fwp%2Fv2%2Fcategories&post=4817"},{"taxonomy":"post_tag","embeddable":true,"href":"https:\/\/new.findnews5.com\/index.php?rest_route=%2Fwp%2Fv2%2Ftags&post=4817"}],"curies":[{"name":"wp","href":"https:\/\/api.w.org\/{rel}","templated":true}]}}