{"id":4811,"date":"2023-10-17T15:05:42","date_gmt":"2023-10-17T15:05:42","guid":{"rendered":"https:\/\/new.findnews5.com\/?p=4811"},"modified":"2023-10-17T15:05:43","modified_gmt":"2023-10-17T15:05:43","slug":"shqiperia-po-fiton-rendesi-rajonale-nazarko-ndersa-kosova-ka-sjellje-adoleshente","status":"publish","type":"post","link":"https:\/\/new.findnews5.com\/?p=4811","title":{"rendered":"Shqip\u00ebria po fiton r\u00ebnd\u00ebsi rajonale, Nazarko: Nd\u00ebrsa Kosova ka sjellje adoleshente"},"content":{"rendered":"<div class=\"78954ae5fa42b68c1393fe3da4998882\" data-index=\"1\" style=\"float: none; margin:0px 0 0px 0; text-align:center;\">\n<div data-type=\"_mgwidget\" data-widget-id=\"1576712\">\r\n<\/div>\r\n<script>(function(w,q){w[q]=w[q]||[];w[q].push([\"_mgc.load\"])})(window,\"_mgq\");\r\n<\/script>\r\n\n<\/div>\n<p>Mentor Nazarko n\u00eb nj\u00eb intervist\u00eb n\u00eb \u201cNeWShour\u201d n\u00eb ABC i ka b\u00ebr\u00eb nj\u00eb analiz\u00eb Samitit t\u00eb Procesit t\u00eb Berlinit t\u00eb mbajtur n\u00eb Tiran\u00eb, duke u ndalur edhe tek marr\u00ebdh\u00ebniet mes lider\u00ebve t\u00eb shteteve t\u00eb Ballkanit Per\u00ebndimor.<br \/>\nGjat\u00eb k\u00ebsaj interviste, Nazarko u shpreh se procesi i Berlinit nuk duhet t\u00eb shihet vet\u00ebm si nj\u00eb proces politik, pasi sipas tij ka nj\u00eb r\u00ebnd\u00ebsi t\u00eb madhe ekonomike, nd\u00ebrsa shton se nj\u00eb shtys\u00eb e mir\u00eb e arritjes s\u00eb realizimit t\u00eb k\u00ebtij Samiti, ishte edhe \u201cBallkani i Hapur\u201d.<\/p>\n<p>\u201cProcesi i Berlinit nuk \u00ebsht\u00eb vet\u00ebm politik, por edhe ekonomik. Ballkani i hapur ishte nj\u00eb shtys\u00eb q\u00eb procesi i Berlinit t\u00eb fitonte rigorozitet\u201d, u shpreh Nazarko.<\/p>\n<p>I ndalur tek marr\u00ebdh\u00ebniet mes dy shteteve, Shqip\u00ebris\u00eb dhe Kosov\u00ebs, Nazarko tha se e sheh Kosov\u00ebn si nj\u00eb \u201cshtet t\u00eb ri ende t\u00eb papjekur\u201d.<\/p>\n<p>\u201cProcesi i Berlinit \u00ebsht\u00eb ndoshta edhe nj\u00eb m\u00ebnyr\u00eb p\u00ebr t\u00eb frenuar ndikimin rus, por edhe p\u00ebr ti dh\u00ebn\u00eb shprese opinione publike q\u00eb procesi i integrimit \u00ebsht\u00eb di\u00e7ka reale. Tani q\u00eb t\u00eb k\u00ebrkosh para duhet t\u00eb b\u00ebsh projekte, defekteti i procesit t\u00eb Berlinit q\u00eb Ballkani i Hapur e evidentoi, tani t\u00eb arrish t\u00eb gjesh nj\u00eb agjend\u00eb t\u00eb p\u00ebrbashk\u00ebt, t\u00eb takohet kancelari Scholz dhe presidenit Macron me krer\u00ebt i vendeve t\u00eb Ballkanit \u00ebsht\u00eb pak e v\u00ebshtir\u00eb. Ballkani i Hapur kishte nj\u00eb dimension t\u00eb r\u00ebnd\u00ebsish\u00ebm, pra \u201cOpen Ballkan\u201d relaksoi marr\u00ebdh\u00ebniet mes lider\u00ebve. Kjo ndikon edhe tek ato dialogu nj\u00ebpal\u00ebshe apo dypal\u00ebshe. Por Kosova \u00ebsht\u00eb duke vuajtur, p\u00eblqej t\u00eb gjej nj\u00eb paralele nga jeta e individit, adolensht. Kosova si shtet i ri \u00ebsht\u00eb duke vuajtur nj\u00eblloj pamaturie, nj\u00eblloj puberteti institucional. N\u00ebse Kosova do t\u00eb kishte problem vet\u00ebm m\u00eb Shqip\u00ebrin\u00eb do t\u00eb isha me Kosov\u00ebn. Por ka probleme edhe me vende t\u00eb tjera dhe mendoj q\u00eb problemi q\u00ebndron tek Kosova. Pra \u00ebsht\u00eb papjekuria moshore e nj\u00eb shteti t\u00eb ri, pra natyrisht duhet pranuar q\u00eb ka faj edhe Shqip\u00ebria, pasi Rama duhet t\u00eb kishte investuar m\u00eb shum\u00eb koh\u00eb n\u00eb kap\u00ebrcimin e pengesave. Shqip\u00ebria duhet t\u00eb ishte p\u00ebrfshir\u00eb edhe n\u00eb procese q\u00eb do t\u00eb ndikonin tek, Kosova. Por si\u00e7 e thash\u00eb Kosova ende \u00ebsht\u00eb tek \u201csindromi i nj\u00eb f\u00ebmije t\u00eb parritur\u201d. Por k\u00ebt\u00eb sindrom\u00eb e ka pasur edhe qeveria Tha\u00e7i, edhe qeveria Haradinaj. Por Shqip\u00ebria, shteti am\u00eb, n\u00eb t\u00eb gjith\u00eb kuptimet, p\u00ebr shkak politik\u00ebs konstruktive rajonale, po fiton k\u00ebt\u00eb r\u00ebnd\u00ebsi nd\u00ebrkomb\u00ebtare dhe kjo \u00ebsht\u00eb nj\u00eb ndihm\u00eb shum\u00eb e madhe p\u00ebr Kosov\u00ebn. Tani qasja q\u00eb ne duhet ta shohim Serbin\u00eb me syt\u00eb e Kosov\u00ebs, nuk \u00ebsht\u00eb qasje realiste, por nj\u00eb qasje populiste. Por n\u00ebse autoritet e Kosov\u00ebs apo njer\u00ebzit e njohin Serbin\u00eb, p\u00ebrse nuk kan\u00eb arritur sukses n\u00eb dialog. Ne kemi nevoj\u00eb t\u00eb gjejm\u00eb gabime tek vetmja. Un\u00eb do t\u00eb doja q\u00eb Shqip\u00ebria t\u00eb p\u00ebrfshihet n\u00eb operacione t\u00eb m\u00ebdha kulturore, apo mb\u00ebshtet\u00ebse. Sa p\u00ebr Abazovi\u00e7 ai \u00ebsht\u00eb dikush q\u00eb ka mundur serb\u00ebt n\u00eb koh\u00eb paqeje. Pra ai, ka imponuar faktorin serb n\u00eb Mal t\u00eb Zi, t\u00eb pranoj\u00eb Kosov\u00ebn, ka normalizuar apo imponuar si rregull normal mbajtjen e flamurit shqiptar. Dhe t\u00eb gjitha k\u00ebto i ka b\u00ebr\u00eb n\u00eb m\u00ebnyr\u00ebn m\u00eb t\u00eb qet\u00eb t\u00eb mundshme pa krijuar polemika. K\u00ebshtu q\u00eb Dritan Abazovi\u00e7 \u00ebsht\u00eb shembull i eficenc\u00ebs\u201d, tha nd\u00ebr t\u00eb tjera Nazarko.<\/p>\n\n<div style=\"font-size: 0px; height: 0px; line-height: 0px; margin: 0; padding: 0; clear: both;\"><\/div>","protected":false},"excerpt":{"rendered":"<p>Mentor Nazarko n\u00eb nj\u00eb intervist\u00eb n\u00eb \u201cNeWShour\u201d n\u00eb ABC i ka b\u00ebr\u00eb nj\u00eb analiz\u00eb Samitit t\u00eb Procesit t\u00eb Berlinit t\u00eb mbajtur n\u00eb Tiran\u00eb, duke u ndalur edhe&#8230; <\/p>\n","protected":false},"author":1,"featured_media":4812,"comment_status":"open","ping_status":"open","sticky":false,"template":"","format":"standard","meta":{"footnotes":""},"categories":[6],"tags":[],"class_list":["post-4811","post","type-post","status-publish","format-standard","has-post-thumbnail","hentry","category-lajme"],"_links":{"self":[{"href":"https:\/\/new.findnews5.com\/index.php?rest_route=\/wp\/v2\/posts\/4811","targetHints":{"allow":["GET"]}}],"collection":[{"href":"https:\/\/new.findnews5.com\/index.php?rest_route=\/wp\/v2\/posts"}],"about":[{"href":"https:\/\/new.findnews5.com\/index.php?rest_route=\/wp\/v2\/types\/post"}],"author":[{"embeddable":true,"href":"https:\/\/new.findnews5.com\/index.php?rest_route=\/wp\/v2\/users\/1"}],"replies":[{"embeddable":true,"href":"https:\/\/new.findnews5.com\/index.php?rest_route=%2Fwp%2Fv2%2Fcomments&post=4811"}],"version-history":[{"count":0,"href":"https:\/\/new.findnews5.com\/index.php?rest_route=\/wp\/v2\/posts\/4811\/revisions"}],"wp:featuredmedia":[{"embeddable":true,"href":"https:\/\/new.findnews5.com\/index.php?rest_route=\/wp\/v2\/media\/4812"}],"wp:attachment":[{"href":"https:\/\/new.findnews5.com\/index.php?rest_route=%2Fwp%2Fv2%2Fmedia&parent=4811"}],"wp:term":[{"taxonomy":"category","embeddable":true,"href":"https:\/\/new.findnews5.com\/index.php?rest_route=%2Fwp%2Fv2%2Fcategories&post=4811"},{"taxonomy":"post_tag","embeddable":true,"href":"https:\/\/new.findnews5.com\/index.php?rest_route=%2Fwp%2Fv2%2Ftags&post=4811"}],"curies":[{"name":"wp","href":"https:\/\/api.w.org\/{rel}","templated":true}]}}