{"id":4808,"date":"2023-10-17T15:04:15","date_gmt":"2023-10-17T15:04:15","guid":{"rendered":"https:\/\/new.findnews5.com\/?p=4808"},"modified":"2023-10-17T15:04:16","modified_gmt":"2023-10-17T15:04:16","slug":"zana-avdiu-per-vizat-vjosa-osmani-e-albin-kurti-duhet-te-japin-pergjegjesi","status":"publish","type":"post","link":"https:\/\/new.findnews5.com\/?p=4808","title":{"rendered":"Zana Avdiu p\u00ebr vizat: Vjosa Osmani e Albin Kurti duhet t\u00eb japin p\u00ebrgjegj\u00ebsi"},"content":{"rendered":"<div class=\"78954ae5fa42b68c1393fe3da4998882\" data-index=\"1\" style=\"float: none; margin:0px 0 0px 0; text-align:center;\">\n<div data-type=\"_mgwidget\" data-widget-id=\"1576712\">\r\n<\/div>\r\n<script>(function(w,q){w[q]=w[q]||[];w[q].push([\"_mgc.load\"])})(window,\"_mgq\");\r\n<\/script>\r\n\n<\/div>\n<p>Analistja politike, Zana Avdiu ka reaguar pas deklarat\u00ebs s\u00eb presidentit francez, Emmanuel Macron se shteti i tij ka pezulluar heqjen e vizave p\u00ebr Kosov\u00ebn.<\/p>\n<p>Ajo me an\u00eb t\u00eb nj\u00eb postimi n\u00eb Facebook ka th\u00ebn\u00eb se p\u00ebr k\u00ebt\u00eb, duhet t\u00eb japin p\u00ebrgjegj\u00ebsi krer\u00ebt e shtetit, kryeministri Kurti e presidentja Vjosa Osmani.<\/p>\n<p>Kurti dhe Osmani duhet te japin pergjegjesi, per keto deshtime te Kosoves. Duhet te japin pergjegjesi per katandisjen e Kosoves, ne kete derexhe!\u201d, shkroi ajo. Postimi i plot\u00eb i Avdiut:<\/p>\n<p>Macron deklaroi qe Franca ka pezulluar liberalizimin e vizave per Kosoven. Kosoves, iu mbyllen dyert edhe njehere shkaku i politikave te saj te deshtuara.<\/p>\n<p>Kosova as pas ngjarjes se 24 shtatorit, nuk arriti ta permiresoje imazhin, por po shihet si pale penguese ne dialog para Bashkesise Nderkombetare.<\/p>\n<p>Lere qe ende sanksionet kane mbet ne fuqi, por iu sot iu shtua edhe nje sanksion tjeter. Cka po pret Kosova per te shkuar ne zgjedhje ne veri dhe per t\u2019i zbatuar marreveshjet e arritura?<\/p>\n<p>Cka po tenton Kosova te arrije me keto bllokada? Asnje sukses deri tani nuk e shenuan me to. Kurti dhe Osmani duhet te japin pergjegjesi, per keto deshtime te Kosoves. Duhet te japin pergjegjesi per katandisjen e Kosoves, ne kete derexhe!<\/p>\n\n<div style=\"font-size: 0px; height: 0px; line-height: 0px; margin: 0; padding: 0; clear: both;\"><\/div>","protected":false},"excerpt":{"rendered":"<p>Analistja politike, Zana Avdiu ka reaguar pas deklarat\u00ebs s\u00eb presidentit francez, Emmanuel Macron se shteti i tij ka pezulluar heqjen e vizave p\u00ebr Kosov\u00ebn. Ajo me an\u00eb&#8230; <\/p>\n","protected":false},"author":1,"featured_media":4809,"comment_status":"open","ping_status":"open","sticky":false,"template":"","format":"standard","meta":{"footnotes":""},"categories":[6],"tags":[],"class_list":["post-4808","post","type-post","status-publish","format-standard","has-post-thumbnail","hentry","category-lajme"],"_links":{"self":[{"href":"https:\/\/new.findnews5.com\/index.php?rest_route=\/wp\/v2\/posts\/4808","targetHints":{"allow":["GET"]}}],"collection":[{"href":"https:\/\/new.findnews5.com\/index.php?rest_route=\/wp\/v2\/posts"}],"about":[{"href":"https:\/\/new.findnews5.com\/index.php?rest_route=\/wp\/v2\/types\/post"}],"author":[{"embeddable":true,"href":"https:\/\/new.findnews5.com\/index.php?rest_route=\/wp\/v2\/users\/1"}],"replies":[{"embeddable":true,"href":"https:\/\/new.findnews5.com\/index.php?rest_route=%2Fwp%2Fv2%2Fcomments&post=4808"}],"version-history":[{"count":0,"href":"https:\/\/new.findnews5.com\/index.php?rest_route=\/wp\/v2\/posts\/4808\/revisions"}],"wp:featuredmedia":[{"embeddable":true,"href":"https:\/\/new.findnews5.com\/index.php?rest_route=\/wp\/v2\/media\/4809"}],"wp:attachment":[{"href":"https:\/\/new.findnews5.com\/index.php?rest_route=%2Fwp%2Fv2%2Fmedia&parent=4808"}],"wp:term":[{"taxonomy":"category","embeddable":true,"href":"https:\/\/new.findnews5.com\/index.php?rest_route=%2Fwp%2Fv2%2Fcategories&post=4808"},{"taxonomy":"post_tag","embeddable":true,"href":"https:\/\/new.findnews5.com\/index.php?rest_route=%2Fwp%2Fv2%2Ftags&post=4808"}],"curies":[{"name":"wp","href":"https:\/\/api.w.org\/{rel}","templated":true}]}}