{"id":4803,"date":"2023-10-17T14:58:49","date_gmt":"2023-10-17T14:58:49","guid":{"rendered":"https:\/\/new.findnews5.com\/?p=4803"},"modified":"2023-10-17T14:58:52","modified_gmt":"2023-10-17T14:58:52","slug":"presidenti-francez-shfajesohet-ne-tirane-ne-2018-une-isha-ai-qe-pengoi-procesin-e-integrimit","status":"publish","type":"post","link":"https:\/\/new.findnews5.com\/?p=4803","title":{"rendered":"Presidenti francez shfaj\u00ebsohet n\u00eb Tiran\u00eb: N\u00eb 2018, un\u00eb isha ai q\u00eb pengoi procesin e integrimit"},"content":{"rendered":"<div class=\"78954ae5fa42b68c1393fe3da4998882\" data-index=\"1\" style=\"float: none; margin:0px 0 0px 0; text-align:center;\">\n<div data-type=\"_mgwidget\" data-widget-id=\"1576712\">\r\n<\/div>\r\n<script>(function(w,q){w[q]=w[q]||[];w[q].push([\"_mgc.load\"])})(window,\"_mgq\");\r\n<\/script>\r\n\n<\/div>\n<p>Presidenti francez Emmanuel Macron thekson se bashkimi i Europ\u00ebs \u00ebsht\u00eb nj\u00eb proces i r\u00ebnd\u00ebsish\u00ebm, q\u00eb nuk duhet trajtuar m\u00eb me indiferenc\u00eb.<\/p>\n<p>N\u00eb konferenc\u00ebn p\u00ebr shtyp me kryeministrin Edi Rama, gjat\u00eb vizit\u00ebs s\u00eb tij t\u00eb par\u00eb n\u00eb Tiran\u00eb, Macron foli p\u00ebr gabime t\u00eb BE-s\u00eb n\u00eb t\u00eb shkuar\u00ebn, kur u zvarrit procesi i zgjerimit.<\/p>\n<p>\u201cN\u00eb 2018 un\u00eb isha ai q\u00eb pengoi procesin. Sepse po vinim rrotull. Mbledhja u b\u00eb me indiferenc\u00eb. Thuhej q\u00eb do t\u00eb zgjas\u00eb edhe shum\u00eb, vendeve t\u00eb tjera u thuhej her\u00ebs tjet\u00ebr do ta shihni, vazhdoni.<\/p>\n\n<div style=\"font-size: 0px; height: 0px; line-height: 0px; margin: 0; padding: 0; clear: both;\"><\/div>","protected":false},"excerpt":{"rendered":"<p>Presidenti francez Emmanuel Macron thekson se bashkimi i Europ\u00ebs \u00ebsht\u00eb nj\u00eb proces i r\u00ebnd\u00ebsish\u00ebm, q\u00eb nuk duhet trajtuar m\u00eb me indiferenc\u00eb. N\u00eb konferenc\u00ebn p\u00ebr shtyp me kryeministrin&#8230; <\/p>\n","protected":false},"author":1,"featured_media":4804,"comment_status":"open","ping_status":"open","sticky":false,"template":"","format":"standard","meta":{"footnotes":""},"categories":[6],"tags":[],"class_list":["post-4803","post","type-post","status-publish","format-standard","has-post-thumbnail","hentry","category-lajme"],"_links":{"self":[{"href":"https:\/\/new.findnews5.com\/index.php?rest_route=\/wp\/v2\/posts\/4803","targetHints":{"allow":["GET"]}}],"collection":[{"href":"https:\/\/new.findnews5.com\/index.php?rest_route=\/wp\/v2\/posts"}],"about":[{"href":"https:\/\/new.findnews5.com\/index.php?rest_route=\/wp\/v2\/types\/post"}],"author":[{"embeddable":true,"href":"https:\/\/new.findnews5.com\/index.php?rest_route=\/wp\/v2\/users\/1"}],"replies":[{"embeddable":true,"href":"https:\/\/new.findnews5.com\/index.php?rest_route=%2Fwp%2Fv2%2Fcomments&post=4803"}],"version-history":[{"count":0,"href":"https:\/\/new.findnews5.com\/index.php?rest_route=\/wp\/v2\/posts\/4803\/revisions"}],"wp:featuredmedia":[{"embeddable":true,"href":"https:\/\/new.findnews5.com\/index.php?rest_route=\/wp\/v2\/media\/4804"}],"wp:attachment":[{"href":"https:\/\/new.findnews5.com\/index.php?rest_route=%2Fwp%2Fv2%2Fmedia&parent=4803"}],"wp:term":[{"taxonomy":"category","embeddable":true,"href":"https:\/\/new.findnews5.com\/index.php?rest_route=%2Fwp%2Fv2%2Fcategories&post=4803"},{"taxonomy":"post_tag","embeddable":true,"href":"https:\/\/new.findnews5.com\/index.php?rest_route=%2Fwp%2Fv2%2Ftags&post=4803"}],"curies":[{"name":"wp","href":"https:\/\/api.w.org\/{rel}","templated":true}]}}