{"id":4794,"date":"2023-10-17T14:52:57","date_gmt":"2023-10-17T14:52:57","guid":{"rendered":"https:\/\/new.findnews5.com\/?p=4794"},"modified":"2023-10-17T14:52:58","modified_gmt":"2023-10-17T14:52:58","slug":"e-konfirmon-rama-firmoset-marreveshja-per-njohjen-e-ndersjelle-te","status":"publish","type":"post","link":"https:\/\/new.findnews5.com\/?p=4794","title":{"rendered":"E konfirmon Rama\/ Firmoset marr\u00ebveshja p\u00ebr njohjen e nd\u00ebrsjell\u00eb t\u00eb&#8230;"},"content":{"rendered":"<div class=\"78954ae5fa42b68c1393fe3da4998882\" data-index=\"1\" style=\"float: none; margin:0px 0 0px 0; text-align:center;\">\n<div data-type=\"_mgwidget\" data-widget-id=\"1576712\">\r\n<\/div>\r\n<script>(function(w,q){w[q]=w[q]||[];w[q].push([\"_mgc.load\"])})(window,\"_mgq\");\r\n<\/script>\r\n\n<\/div>\n<p>Lider\u00ebt e Ballkanit Per\u00ebndimor kan\u00eb n\u00ebnshkruar marr\u00ebveshjen p\u00ebr njohjen e nd\u00ebrsjell\u00eb t\u00eb kualifikimeve profesionale n\u00eb kuad\u00ebr t\u00eb Procesit t\u00eb Samitit t\u00eb Berlinit.<\/p>\n<p>Kryeministri i Shqip\u00ebris\u00eb, Edi Rama ka postuar drejtp\u00ebrdrejt\u00eb n\u00ebnshkrimin e marr\u00ebveshjes ndersa n\u00eb kuad\u00ebr t\u00eb k\u00ebsaj marr\u00ebveshjeje shtohen edhe disa profesione t\u00eb tjera, \u201cduke leht\u00ebsuar m\u00eb tej l\u00ebvizjen e profesionist\u00ebve dhe shfryt\u00ebzimin e potencialit t\u00eb madh t\u00eb burimeve tona njer\u00ebzore\u201d.<\/p>\n<p>Samiti i lider\u00ebve t\u00eb Procesit t\u00eb Berlinit p\u00ebr her\u00eb t\u00eb par\u00eb po mbahet jasht\u00eb kufijve t\u00eb Bashkimit Evropian. Procesi i Berlinit \u00ebsht\u00eb nj\u00eb nism\u00eb e ish-kancelares Angela Merkel t\u00eb Gjermanis\u00eb n\u00eb vitin 2014.<\/p>\n<p>N\u00ebp\u00ebrmejt tij synohet t\u00eb ndihmohet b\u00eb zhvillimin ekonomik t\u00eb gjasht\u00eb vendeve t\u00eb Ballkanit Per\u00ebndimor dhe n\u00eb p\u00ebrafrimin e tyre me Bashkimin Evropian.<\/p>\n\n<div style=\"font-size: 0px; height: 0px; line-height: 0px; margin: 0; padding: 0; clear: both;\"><\/div>","protected":false},"excerpt":{"rendered":"<p>Lider\u00ebt e Ballkanit Per\u00ebndimor kan\u00eb n\u00ebnshkruar marr\u00ebveshjen p\u00ebr njohjen e nd\u00ebrsjell\u00eb t\u00eb kualifikimeve profesionale n\u00eb kuad\u00ebr t\u00eb Procesit t\u00eb Samitit t\u00eb Berlinit. Kryeministri i Shqip\u00ebris\u00eb, Edi Rama&#8230; <\/p>\n","protected":false},"author":1,"featured_media":4795,"comment_status":"open","ping_status":"open","sticky":false,"template":"","format":"standard","meta":{"footnotes":""},"categories":[6],"tags":[],"class_list":["post-4794","post","type-post","status-publish","format-standard","has-post-thumbnail","hentry","category-lajme"],"_links":{"self":[{"href":"https:\/\/new.findnews5.com\/index.php?rest_route=\/wp\/v2\/posts\/4794","targetHints":{"allow":["GET"]}}],"collection":[{"href":"https:\/\/new.findnews5.com\/index.php?rest_route=\/wp\/v2\/posts"}],"about":[{"href":"https:\/\/new.findnews5.com\/index.php?rest_route=\/wp\/v2\/types\/post"}],"author":[{"embeddable":true,"href":"https:\/\/new.findnews5.com\/index.php?rest_route=\/wp\/v2\/users\/1"}],"replies":[{"embeddable":true,"href":"https:\/\/new.findnews5.com\/index.php?rest_route=%2Fwp%2Fv2%2Fcomments&post=4794"}],"version-history":[{"count":0,"href":"https:\/\/new.findnews5.com\/index.php?rest_route=\/wp\/v2\/posts\/4794\/revisions"}],"wp:featuredmedia":[{"embeddable":true,"href":"https:\/\/new.findnews5.com\/index.php?rest_route=\/wp\/v2\/media\/4795"}],"wp:attachment":[{"href":"https:\/\/new.findnews5.com\/index.php?rest_route=%2Fwp%2Fv2%2Fmedia&parent=4794"}],"wp:term":[{"taxonomy":"category","embeddable":true,"href":"https:\/\/new.findnews5.com\/index.php?rest_route=%2Fwp%2Fv2%2Fcategories&post=4794"},{"taxonomy":"post_tag","embeddable":true,"href":"https:\/\/new.findnews5.com\/index.php?rest_route=%2Fwp%2Fv2%2Ftags&post=4794"}],"curies":[{"name":"wp","href":"https:\/\/api.w.org\/{rel}","templated":true}]}}