{"id":4785,"date":"2023-10-16T23:13:31","date_gmt":"2023-10-16T23:13:31","guid":{"rendered":"https:\/\/new.findnews5.com\/?p=4785"},"modified":"2023-10-16T23:13:32","modified_gmt":"2023-10-16T23:13:32","slug":"sa-do-te-zgjasin-reshjet-meteorologia-diten-e-enjte-ndodh-kthesa-e-motit","status":"publish","type":"post","link":"https:\/\/new.findnews5.com\/?p=4785","title":{"rendered":"Sa do t\u00eb zgjasin reshjet? Meteorologia: Dit\u00ebn e enjte ndodh kthesa e motit"},"content":{"rendered":"<div class=\"78954ae5fa42b68c1393fe3da4998882\" data-index=\"1\" style=\"float: none; margin:0px 0 0px 0; text-align:center;\">\n<div data-type=\"_mgwidget\" data-widget-id=\"1576712\">\r\n<\/div>\r\n<script>(function(w,q){w[q]=w[q]||[];w[q].push([\"_mgc.load\"])})(window,\"_mgq\");\r\n<\/script>\r\n\n<\/div>\n<p>Meteorologia, Lajda Porja njofton se prej dit\u00ebs s\u00eb sotme dhe deri n\u00eb mesjav\u00eb do t\u00eb kemi p\u00ebrkeq\u00ebsim t\u00eb motit, me reshje shiu q\u00eb do t\u00eb vijn\u00eb edhe n\u00eb form\u00eb rrebeshesh dhe ulje t\u00eb temperaturave.<\/p>\n<p>Porja shton se moti do t\u00eb p\u00ebrmir\u00ebsohet pas t\u00eb m\u00ebrkur\u00ebs, ku pritet t\u00eb ket\u00eb intervale t\u00eb gjata me kthjellime, vran\u00ebsira t\u00eb shpeshte dhe shira t\u00eb izoluara n\u00eb ekstremin verior.<\/p>\n<p>\u201cKjo jav\u00eb do t\u00eb jet\u00eb nj\u00eb jav\u00eb tipik\u00eb vjeshte. Sa i p\u00ebrket reshjeve, ata priten t\u00eb jen\u00eb prezente duke filluar q\u00eb sot. Pritet q\u00eb reshje t\u00eb dendura t\u00eb ket\u00eb sonte gjat\u00eb nat\u00ebs dhe dit\u00ebn e mart\u00eb, ku nuk do t\u00eb mungojn\u00eb rrebeshet i shiut n\u00eb t\u00eb gjith\u00eb territorin.<\/p>\n<p>Dit\u00ebn e m\u00ebrkur\u00eb do t\u00eb ket\u00eb reshje, por do t\u00eb jen\u00eb n\u00eb sasi m\u00eb t\u00eb pakta. Duke filluar nga dita e enjte, do t\u00eb kemi p\u00ebrmir\u00ebsim t\u00eb duksh\u00ebm t\u00eb motit, duke sjell\u00eb intervale t\u00eb gjata me kthjellime, vran\u00ebsira t\u00eb shpeshta, dhe shira t\u00eb izoluara n\u00eb ekstremin verior\u201d tha meteorologia.<\/p>\n<p>Sa i p\u00ebrket temperaturave, Porja tha se ata do t\u00eb p\u00ebsojn\u00eb r\u00ebnie n\u00eb pjes\u00ebn e par\u00eb t\u00eb jav\u00ebs, por do t\u00eb rriten gradualisht pas t\u00eb m\u00ebrkur\u00ebs dhe n\u00eb fundjav\u00eb do t\u00eb arrijn\u00eb deri n\u00eb 28 grad\u00eb.<\/p>\n<p>\u201cSa i p\u00ebrket vlerave termike, temperaturat e ajrit do t\u00eb p\u00ebsojn\u00eb sot do t\u00eb p\u00ebsojn\u00eb r\u00ebnie sidomos n\u00eb m\u00ebngjes, minimalet jan\u00eb 7 grad\u00eb n\u00eb zonat malore, nd\u00ebrkoh\u00eb q\u00eb maksimalet jo m\u00eb shum\u00eb 25-26 grad\u00eb.<\/p>\n<p>Dita e mart\u00eb, relativisht do t\u00eb jet\u00eb shum\u00eb e fresk\u00ebt, ku temperaturat maksimale do t\u00eb arrijn\u00eb deri n\u00eb 23 grad\u00eb.<\/p>\n<p>Duke filluar pas dit\u00ebs s\u00eb m\u00ebrkur\u00eb dhe pjes\u00eb e dyt\u00eb e jav\u00ebs do t\u00eb sjell\u00eb rritje t\u00eb temperaturave graduale, duke b\u00ebr\u00eb q\u00eb fundjava t\u00eb regjistroj\u00eb s\u00ebrish temperatura deri n\u00eb 28 grad\u00eb\u201d shtoi Porja.<\/p>\n<p>Sa i p\u00ebrket situat\u00ebs n\u00eb Rajon, edhe Kosova e Maqedonia do t\u00eb preken nga p\u00ebrkeq\u00ebsimi i motit q\u00eb do sjell\u00eb rrebeshe shiu dhe ulje temperaturash, situat\u00eb e cila do t\u00eb ndryshoj\u00eb pas dit\u00ebs s\u00eb m\u00ebrkur\u00eb.<\/p>\n<p>\u201cNd\u00ebrkoh\u00eb vendet e Rajonit, Kosova dhe Maqedonia e Veriut, jo vet\u00ebm q\u00eb do t\u00eb jen\u00eb me vran\u00ebsira dhe reshje, q\u00eb do t\u00eb jen\u00eb rrebeshe n\u00eb pjes\u00ebn e par\u00eb ta j\u00ebv\u00ebs, do t\u00eb jen\u00eb relativisht shum\u00eb fresk\u00ebt, madje n\u00eb Kosov\u00eb temperaturat do t\u00eb jen\u00eb t\u00eb ul\u00ebta deri n\u00eb 17-18 grad\u00eb, nd\u00ebrkoh\u00eb q\u00eb pritet nj\u00eb rritje e tyre vet\u00ebm pas dit\u00ebs s\u00eb m\u00ebrkur\u00eb.<\/p>\n<p>Nd\u00ebrkoh\u00eb Maqedonia do t\u00eb regjistroje temperatura deri n\u00eb 21 grad\u00eb. Pas dit\u00ebs s\u00eb m\u00ebrkur\u00eb, p\u00ebrmir\u00ebsim i duksh\u00ebm i motit n\u00eb Rajon dhe rritje e temperaturave\u201d p\u00ebrfundoi Lajda Porja.<\/p>\n\n<div style=\"font-size: 0px; height: 0px; line-height: 0px; margin: 0; padding: 0; clear: both;\"><\/div>","protected":false},"excerpt":{"rendered":"<p>Meteorologia, Lajda Porja njofton se prej dit\u00ebs s\u00eb sotme dhe deri n\u00eb mesjav\u00eb do t\u00eb kemi p\u00ebrkeq\u00ebsim t\u00eb motit, me reshje shiu q\u00eb do t\u00eb vijn\u00eb edhe&#8230; <\/p>\n","protected":false},"author":1,"featured_media":4786,"comment_status":"open","ping_status":"open","sticky":false,"template":"","format":"standard","meta":{"footnotes":""},"categories":[6],"tags":[],"class_list":["post-4785","post","type-post","status-publish","format-standard","has-post-thumbnail","hentry","category-lajme"],"_links":{"self":[{"href":"https:\/\/new.findnews5.com\/index.php?rest_route=\/wp\/v2\/posts\/4785","targetHints":{"allow":["GET"]}}],"collection":[{"href":"https:\/\/new.findnews5.com\/index.php?rest_route=\/wp\/v2\/posts"}],"about":[{"href":"https:\/\/new.findnews5.com\/index.php?rest_route=\/wp\/v2\/types\/post"}],"author":[{"embeddable":true,"href":"https:\/\/new.findnews5.com\/index.php?rest_route=\/wp\/v2\/users\/1"}],"replies":[{"embeddable":true,"href":"https:\/\/new.findnews5.com\/index.php?rest_route=%2Fwp%2Fv2%2Fcomments&post=4785"}],"version-history":[{"count":0,"href":"https:\/\/new.findnews5.com\/index.php?rest_route=\/wp\/v2\/posts\/4785\/revisions"}],"wp:featuredmedia":[{"embeddable":true,"href":"https:\/\/new.findnews5.com\/index.php?rest_route=\/wp\/v2\/media\/4786"}],"wp:attachment":[{"href":"https:\/\/new.findnews5.com\/index.php?rest_route=%2Fwp%2Fv2%2Fmedia&parent=4785"}],"wp:term":[{"taxonomy":"category","embeddable":true,"href":"https:\/\/new.findnews5.com\/index.php?rest_route=%2Fwp%2Fv2%2Fcategories&post=4785"},{"taxonomy":"post_tag","embeddable":true,"href":"https:\/\/new.findnews5.com\/index.php?rest_route=%2Fwp%2Fv2%2Ftags&post=4785"}],"curies":[{"name":"wp","href":"https:\/\/api.w.org\/{rel}","templated":true}]}}