{"id":4774,"date":"2023-10-16T18:35:15","date_gmt":"2023-10-16T18:35:15","guid":{"rendered":"https:\/\/new.findnews5.com\/?p=4774"},"modified":"2023-10-16T18:35:16","modified_gmt":"2023-10-16T18:35:16","slug":"a-pranoni-role-ku-shkembehet-puthja-pergjigjet-aktorja-shqipetare","status":"publish","type":"post","link":"https:\/\/new.findnews5.com\/?p=4774","title":{"rendered":"A pranoni role ku shk\u00ebmbehet puthja? P\u00ebrgjigjet aktorja shqip\u00ebtare .."},"content":{"rendered":"<div class=\"78954ae5fa42b68c1393fe3da4998882\" data-index=\"1\" style=\"float: none; margin:0px 0 0px 0; text-align:center;\">\n<div data-type=\"_mgwidget\" data-widget-id=\"1576712\">\r\n<\/div>\r\n<script>(function(w,q){w[q]=w[q]||[];w[q].push([\"_mgc.load\"])})(window,\"_mgq\");\r\n<\/script>\r\n\n<\/div>\n<p>Aktorja dhe aktivistja p\u00ebr t\u00eb drejtat e grave, Kaltrina Zeneli e cila muaj m\u00eb par\u00eb ajo vendosi q\u00eb t\u00eb mbulohej tha se i jan\u00eb zvog\u00ebluar ftesat p\u00ebr role n\u00eb projekte t\u00eb ndryshme pasi ajo vendosi t\u00eb mbulohej.<\/p>\n<p>Aktorja p\u00ebrgjigjet me \u201cpo\u201d.<\/p>\n<p>\u201cKa pasur prej koleg\u00ebve q\u00eb m\u00eb kan\u00eb th\u00ebn\u00eb se skena nuk e duron shamin\u00eb. Aktrimi edhe islami jan\u00eb dy rrug\u00eb t\u00eb ndryshme. Me islam nuk \u00ebsht\u00eb e preferuar q\u00eb t\u00eb p\u00ebrzihen femrat e meshkujt n\u00eb nj\u00eb vend dhe p\u00ebr shkak t\u00eb roleve q\u00eb konsiderohen jo hallall, por mua aktrimi m\u00eb b\u00ebn t\u00eb ndihem mir\u00eb\u201d<\/p>\n<p>Kaltrina thot\u00eb se nuk do ta pranonte kurr\u00eb nj\u00eb rol ku shk\u00ebmbehen puthjet me kolegun n\u00eb sken\u00eb, raporton Klankosova.<\/p>\n<p>\u201cRegjisor\u00ebt e din\u00eb q\u00eb un\u00eb edhe para mbules\u00ebs edhe tash e mbuluar i kam refuzuar rolet ku ka puthje. T\u00eb gjith\u00eb i din\u00eb limitet e mia\u201d, tha ajo.<\/p>\n\n<div style=\"font-size: 0px; height: 0px; line-height: 0px; margin: 0; padding: 0; clear: both;\"><\/div>","protected":false},"excerpt":{"rendered":"<p>Aktorja dhe aktivistja p\u00ebr t\u00eb drejtat e grave, Kaltrina Zeneli e cila muaj m\u00eb par\u00eb ajo vendosi q\u00eb t\u00eb mbulohej tha se i jan\u00eb zvog\u00ebluar ftesat p\u00ebr&#8230; <\/p>\n","protected":false},"author":1,"featured_media":4775,"comment_status":"open","ping_status":"open","sticky":false,"template":"","format":"standard","meta":{"footnotes":""},"categories":[6],"tags":[],"class_list":["post-4774","post","type-post","status-publish","format-standard","has-post-thumbnail","hentry","category-lajme"],"_links":{"self":[{"href":"https:\/\/new.findnews5.com\/index.php?rest_route=\/wp\/v2\/posts\/4774","targetHints":{"allow":["GET"]}}],"collection":[{"href":"https:\/\/new.findnews5.com\/index.php?rest_route=\/wp\/v2\/posts"}],"about":[{"href":"https:\/\/new.findnews5.com\/index.php?rest_route=\/wp\/v2\/types\/post"}],"author":[{"embeddable":true,"href":"https:\/\/new.findnews5.com\/index.php?rest_route=\/wp\/v2\/users\/1"}],"replies":[{"embeddable":true,"href":"https:\/\/new.findnews5.com\/index.php?rest_route=%2Fwp%2Fv2%2Fcomments&post=4774"}],"version-history":[{"count":0,"href":"https:\/\/new.findnews5.com\/index.php?rest_route=\/wp\/v2\/posts\/4774\/revisions"}],"wp:featuredmedia":[{"embeddable":true,"href":"https:\/\/new.findnews5.com\/index.php?rest_route=\/wp\/v2\/media\/4775"}],"wp:attachment":[{"href":"https:\/\/new.findnews5.com\/index.php?rest_route=%2Fwp%2Fv2%2Fmedia&parent=4774"}],"wp:term":[{"taxonomy":"category","embeddable":true,"href":"https:\/\/new.findnews5.com\/index.php?rest_route=%2Fwp%2Fv2%2Fcategories&post=4774"},{"taxonomy":"post_tag","embeddable":true,"href":"https:\/\/new.findnews5.com\/index.php?rest_route=%2Fwp%2Fv2%2Ftags&post=4774"}],"curies":[{"name":"wp","href":"https:\/\/api.w.org\/{rel}","templated":true}]}}