{"id":4767,"date":"2023-10-16T17:36:46","date_gmt":"2023-10-16T17:36:46","guid":{"rendered":"https:\/\/new.findnews5.com\/?p=4767"},"modified":"2023-10-16T17:36:47","modified_gmt":"2023-10-16T17:36:47","slug":"kur-nene-tereza-zbriti-ne-rinas-ne-vitin-1989-per-te-puthur-token-shqiptare-perpara-se-te-vdese","status":"publish","type":"post","link":"https:\/\/new.findnews5.com\/?p=4767","title":{"rendered":"Kur N\u00ebn\u00eb Tereza zbriti n\u00eb Rinas n\u00eb vitin 1989 \u201c\u2026p\u00ebr t\u00eb puthur tok\u00ebn shqiptare p\u00ebrpara se t\u00eb vdes\u00eb\u201d"},"content":{"rendered":"<div class=\"78954ae5fa42b68c1393fe3da4998882\" data-index=\"1\" style=\"float: none; margin:0px 0 0px 0; text-align:center;\">\n<div data-type=\"_mgwidget\" data-widget-id=\"1576712\">\r\n<\/div>\r\n<script>(function(w,q){w[q]=w[q]||[];w[q].push([\"_mgc.load\"])})(window,\"_mgq\");\r\n<\/script>\r\n\n<\/div>\n<p>Muzeu Komb\u00ebtar i Fotografis\u00eb \u201cMarubi\u201d ka postuar n\u00eb rrjetet e veta sociale dy fotografi historike: Momentin kur shenjtorja N\u00ebn\u00eb Tereza prek tok\u00ebn shqiptare p\u00ebr her\u00eb t\u00eb par\u00eb pas dekada vitesh pritje.<\/p>\n<p>\u201cN\u00eb gusht t\u00eb 1989-\u00ebs, pas shum\u00eb vitesh refuzimi t\u00eb viz\u00ebs hyr\u00ebse nga ana e autoriteteve komuniste, me d\u00ebshir\u00ebn \u201c\u2026p\u00ebr t\u00eb puthur tok\u00ebn shqiptare p\u00ebrpara se t\u00eb vdes\u00eb\u201d, N\u00ebn\u00eb Tereza vjen n\u00eb nj\u00eb vizit\u00eb zyrtare disa ditore gjat\u00eb t\u00eb cil\u00ebs ndalon edhe n\u00eb varrezat e Tiran\u00ebs, aty ku prehen eshtrat e s\u00eb \u00ebm\u00ebs Drandes e t\u00eb motr\u00ebs Ages, t\u00eb cilat nuk i kishte takuar m\u00eb mbas largimit nga familja n\u00eb vitin 1928.<\/p>\n<p>Vizita e saj, e organizuar dhe e kontrolluar nga zyrtar\u00ebt e koh\u00ebs, do t\u00eb p\u00ebrcillej n\u00eb mediat e huaja nga fotoreporteri Michel Setboun, i cili rastis n\u00eb Shqip\u00ebri edhe n\u00eb marsin e vitit 1991, teksa kremtohen mesh\u00ebt e para mbas nj\u00eb periudhe t\u00eb err\u00ebt ateizmi. N\u00eb kish\u00ebn e Tiran\u00ebs e n\u00eb Katedralen e Sh\u00ebn Shtjefnit n\u00eb Shkod\u00ebr, N\u00ebn\u00eb Tereza e Kalkut\u00ebs, \u00e7mim Nobel p\u00ebr paqen, i drejtohej me lutje popullit shqiptar.<\/p>\n\n<div style=\"font-size: 0px; height: 0px; line-height: 0px; margin: 0; padding: 0; clear: both;\"><\/div>","protected":false},"excerpt":{"rendered":"<p>Muzeu Komb\u00ebtar i Fotografis\u00eb \u201cMarubi\u201d ka postuar n\u00eb rrjetet e veta sociale dy fotografi historike: Momentin kur shenjtorja N\u00ebn\u00eb Tereza prek tok\u00ebn shqiptare p\u00ebr her\u00eb t\u00eb par\u00eb&#8230; <\/p>\n","protected":false},"author":1,"featured_media":4768,"comment_status":"open","ping_status":"open","sticky":false,"template":"","format":"standard","meta":{"footnotes":""},"categories":[6],"tags":[],"class_list":["post-4767","post","type-post","status-publish","format-standard","has-post-thumbnail","hentry","category-lajme"],"_links":{"self":[{"href":"https:\/\/new.findnews5.com\/index.php?rest_route=\/wp\/v2\/posts\/4767","targetHints":{"allow":["GET"]}}],"collection":[{"href":"https:\/\/new.findnews5.com\/index.php?rest_route=\/wp\/v2\/posts"}],"about":[{"href":"https:\/\/new.findnews5.com\/index.php?rest_route=\/wp\/v2\/types\/post"}],"author":[{"embeddable":true,"href":"https:\/\/new.findnews5.com\/index.php?rest_route=\/wp\/v2\/users\/1"}],"replies":[{"embeddable":true,"href":"https:\/\/new.findnews5.com\/index.php?rest_route=%2Fwp%2Fv2%2Fcomments&post=4767"}],"version-history":[{"count":0,"href":"https:\/\/new.findnews5.com\/index.php?rest_route=\/wp\/v2\/posts\/4767\/revisions"}],"wp:featuredmedia":[{"embeddable":true,"href":"https:\/\/new.findnews5.com\/index.php?rest_route=\/wp\/v2\/media\/4768"}],"wp:attachment":[{"href":"https:\/\/new.findnews5.com\/index.php?rest_route=%2Fwp%2Fv2%2Fmedia&parent=4767"}],"wp:term":[{"taxonomy":"category","embeddable":true,"href":"https:\/\/new.findnews5.com\/index.php?rest_route=%2Fwp%2Fv2%2Fcategories&post=4767"},{"taxonomy":"post_tag","embeddable":true,"href":"https:\/\/new.findnews5.com\/index.php?rest_route=%2Fwp%2Fv2%2Ftags&post=4767"}],"curies":[{"name":"wp","href":"https:\/\/api.w.org\/{rel}","templated":true}]}}