{"id":4758,"date":"2023-10-16T13:05:58","date_gmt":"2023-10-16T13:05:58","guid":{"rendered":"https:\/\/new.findnews5.com\/?p=4758"},"modified":"2023-10-16T13:05:59","modified_gmt":"2023-10-16T13:05:59","slug":"djali-me-aftesi-te-kufizuara-ia-thote-ne-sy-rames-mami-im-ka-qene-me-ju-por-ta-drodhi","status":"publish","type":"post","link":"https:\/\/new.findnews5.com\/?p=4758","title":{"rendered":"Djali me aft\u00ebsi t\u00eb kufizuara ia thot\u00eb n\u00eb sy Ram\u00ebs: Mami im ka qen\u00eb me ju, por ta drodhi\u2026"},"content":{"rendered":"<div class=\"78954ae5fa42b68c1393fe3da4998882\" data-index=\"1\" style=\"float: none; margin:0px 0 0px 0; text-align:center;\">\n<div data-type=\"_mgwidget\" data-widget-id=\"1576712\">\r\n<\/div>\r\n<script>(function(w,q){w[q]=w[q]||[];w[q].push([\"_mgc.load\"])})(window,\"_mgq\");\r\n<\/script>\r\n\n<\/div>\n<p>Kampioni i notit, me aft\u00ebsi t\u00eb kufizuara, Gersi Troka \u00ebsht\u00eb rr\u00ebfyer n\u00eb podcast-in me kryeministrin Rama nd\u00ebrsa shprehu dhe p\u00eblqimin e tij p\u00ebr imazhin e kreut t\u00eb mazhoranc\u00ebs si politikan.<\/p>\n<p>Gersi Troka: Edi Rama, un\u00eb t\u00eb kam ndjekur ty me sy kur flet n\u00eb Kuvend sepse un\u00eb jam fansi jot, jam fans i Partis\u00eb Socialiste dhe t\u00eb kam votuar, q\u00eb t\u00eb rrish n\u00eb pushtet, atje ku je ti tani.<\/p>\n<p>Edi Rama: K\u00ebt\u00eb nuk e dija. T\u00eb fal\u00ebnderoj shum\u00eb dhe shpresoj q\u00eb t\u00eb mos zhg\u00ebnjej&#8230;<\/p>\n<p>Gersi Troka: Mami im ka qen\u00eb shum\u00eb me ju, por ka raste se e ka dredhur sepse nuk \u00ebsht\u00eb m\u00eb me Partin\u00eb Socialiste, por \u00ebsht\u00eb me Partin\u00eb Demokratike, po ka ecur vet\u00ebm drejt, vet\u00ebm drejt dhe ka votuar nj\u00ebrin e nj\u00eb partie vet\u00ebm p\u00ebr ne, p\u00ebr aft\u00ebsin\u00eb e kufizuar m\u00eb s\u00eb shumti&#8230;<\/p>\n<p>Edi Rama: &#8220;Po un\u00eb nuk m\u00ebrzitem me mamin. P\u00ebrkundrazi, un\u00eb e kuptoj shum\u00eb mir\u00eb mamin q\u00eb ka votuar p\u00ebr Partin\u00eb Socialiste, ka pritur q\u00eb ne t\u00eb b\u00ebjm\u00eb m\u00eb shum\u00eb, ka votuar prap\u00eb, ka pritur t\u00eb b\u00ebjm\u00eb m\u00eb shum\u00eb, pastaj, mbase n\u00eb nj\u00eb moment t\u00eb caktuar ka th\u00ebn\u00eb, jo, k\u00ebta nuk po e b\u00ebjn\u00eb sa duhet pun\u00ebn q\u00eb un\u00eb i kam votuar dhe ka shkuar ka zgjedhur dik\u00eb tjet\u00ebr, q\u00eb nuk e di kush \u00ebsht\u00eb, po ai nuk ia zgjidh e nuk ia zgjidh, por megjithat\u00eb p\u00ebr mua nuk ka r\u00ebnd\u00ebsi pjesa e atij. P\u00ebr mua ka r\u00ebnd\u00ebsi q\u00eb t\u00eb b\u00ebj maksimumin q\u00eb mami t\u00eb kthehet prap\u00eb dhe t\u00eb votoj\u00eb p\u00ebr Partin\u00eb Socialiste. K\u00ebshtu q\u00eb, mos thuaj \u201cta ka dredhur\u201d. Thuaj q\u00eb mami ka ndryshuar q\u00ebndrim, se nuk \u00ebsht\u00eb dredhje ajo&#8221;.<\/p>\n\n<div style=\"font-size: 0px; height: 0px; line-height: 0px; margin: 0; padding: 0; clear: both;\"><\/div>","protected":false},"excerpt":{"rendered":"<p>Kampioni i notit, me aft\u00ebsi t\u00eb kufizuara, Gersi Troka \u00ebsht\u00eb rr\u00ebfyer n\u00eb podcast-in me kryeministrin Rama nd\u00ebrsa shprehu dhe p\u00eblqimin e tij p\u00ebr imazhin e kreut t\u00eb&#8230; <\/p>\n","protected":false},"author":1,"featured_media":4759,"comment_status":"open","ping_status":"open","sticky":false,"template":"","format":"standard","meta":{"footnotes":""},"categories":[6],"tags":[],"class_list":["post-4758","post","type-post","status-publish","format-standard","has-post-thumbnail","hentry","category-lajme"],"_links":{"self":[{"href":"https:\/\/new.findnews5.com\/index.php?rest_route=\/wp\/v2\/posts\/4758","targetHints":{"allow":["GET"]}}],"collection":[{"href":"https:\/\/new.findnews5.com\/index.php?rest_route=\/wp\/v2\/posts"}],"about":[{"href":"https:\/\/new.findnews5.com\/index.php?rest_route=\/wp\/v2\/types\/post"}],"author":[{"embeddable":true,"href":"https:\/\/new.findnews5.com\/index.php?rest_route=\/wp\/v2\/users\/1"}],"replies":[{"embeddable":true,"href":"https:\/\/new.findnews5.com\/index.php?rest_route=%2Fwp%2Fv2%2Fcomments&post=4758"}],"version-history":[{"count":0,"href":"https:\/\/new.findnews5.com\/index.php?rest_route=\/wp\/v2\/posts\/4758\/revisions"}],"wp:featuredmedia":[{"embeddable":true,"href":"https:\/\/new.findnews5.com\/index.php?rest_route=\/wp\/v2\/media\/4759"}],"wp:attachment":[{"href":"https:\/\/new.findnews5.com\/index.php?rest_route=%2Fwp%2Fv2%2Fmedia&parent=4758"}],"wp:term":[{"taxonomy":"category","embeddable":true,"href":"https:\/\/new.findnews5.com\/index.php?rest_route=%2Fwp%2Fv2%2Fcategories&post=4758"},{"taxonomy":"post_tag","embeddable":true,"href":"https:\/\/new.findnews5.com\/index.php?rest_route=%2Fwp%2Fv2%2Ftags&post=4758"}],"curies":[{"name":"wp","href":"https:\/\/api.w.org\/{rel}","templated":true}]}}