{"id":4755,"date":"2023-10-16T13:03:16","date_gmt":"2023-10-16T13:03:16","guid":{"rendered":"https:\/\/new.findnews5.com\/?p=4755"},"modified":"2023-10-16T13:03:17","modified_gmt":"2023-10-16T13:03:17","slug":"arifi-kurtit-tradhtar-i-kombit-me-marreveshjen-e-ohrit-e-varrose-aspiraten-qe-ne-te-jemi-pjese-e-kosoves","status":"publish","type":"post","link":"https:\/\/new.findnews5.com\/?p=4755","title":{"rendered":"Arifi, Kurtit: Tradhtar i kombit, me marr\u00ebveshjen e Ohrit e varrose aspirat\u00ebn q\u00eb ne t\u00eb jemi pjes\u00eb e Kosov\u00ebs"},"content":{"rendered":"<div class=\"78954ae5fa42b68c1393fe3da4998882\" data-index=\"1\" style=\"float: none; margin:0px 0 0px 0; text-align:center;\">\n<div data-type=\"_mgwidget\" data-widget-id=\"1576712\">\r\n<\/div>\r\n<script>(function(w,q){w[q]=w[q]||[];w[q].push([\"_mgc.load\"])})(window,\"_mgq\");\r\n<\/script>\r\n\n<\/div>\n<p>Kryetari i Preshev\u00ebs, Shqiprim Arifi, ka akuzuar kryeministrin e Kosov\u00ebs, Albin Kurti, p\u00ebr neglizhenc\u00eb dhe mosdh\u00ebnie t\u00eb mb\u00ebshtetjes s\u00eb duhur ndaj shqiptar\u00ebve n\u00eb Lugin\u00eb.<\/p>\n<p>Arifi e quajti Kurtin tradhtar t\u00eb kombit, pasi me marr\u00ebveshjen e Ohrit, sipas tij, varrosi aspirat\u00ebn e shqiptar\u00ebve t\u00eb Lugin\u00ebs p\u00ebr t\u2019u bashkuar me Kosov\u00ebn.<\/p>\n<p>\u201cPrishtina e ka obligim politiko-moral q\u00eb brenda procesit t\u00eb dialogut t\u00eb kujdeset nj\u00ebsoj si Serbia kujdeset p\u00ebr serb\u00ebt n\u00eb Kosov\u00eb. E kemi n\u00eb nj\u00eb an\u00eb nj\u00eb Kosov\u00eb e cila minoritetin e saj n\u00eb an\u00ebn e Serbis\u00eb e neglizhon totalisht\u201d.<\/p>\n<p>\u201cTre viteve t\u00eb fundit mundohet t\u00eb p\u00ebr\u00e7aj\u00eb n\u00eb vazhdim\u00ebsi me ato raporte n\u00eb Lugin\u00ebn e Preshev\u00ebs q\u00eb pak m\u00eb par\u00eb i pat\u00ebt n\u00eb emision. Nga ana tjet\u00ebr kemi nj\u00eb Serbi q\u00eb p\u00ebr serb\u00ebt n\u00eb Kosov\u00eb investon rreth 800 milion\u00eb dollar\u00eb n\u00eb 20 vitet e fundit. Investon t\u2019i mbaj\u00eb aty dhe t\u00eb mb\u00ebshtes\u00eb tez\u00ebn e saj q\u00eb Kosova \u00ebsht\u00eb Serbi\u201d.<\/p>\n<p>Tutje, Arifi tha se gjat\u00eb 20 viteve t\u00eb fundit, Kosova ka treguar jo vet\u00ebm neglizhenc\u00eb por edhe nj\u00eb diletantiz\u00ebm politik, duke pasur obligim moralo-politik p\u00ebr shqiptar\u00ebt n\u00eb an\u00ebn tjet\u00ebr t\u00eb kufirit.<\/p>\n<p>\u201cUn\u00eb nuk e njoh nj\u00eb politikan q\u00eb ka b\u00ebr\u00eb m\u00eb shum\u00eb kompromise vitet e fundit, ka pranuar Asociacionin q\u00eb e ka luftuar 10 vitet e fundit, ka pranuar q\u00eb Lugina mos t\u00eb p\u00ebrfshihet n\u00eb marr\u00ebveshjen e Ohrit dhe ka hequr dor\u00eb nga reciprociteti\u201d.<\/p>\n\n<div style=\"font-size: 0px; height: 0px; line-height: 0px; margin: 0; padding: 0; clear: both;\"><\/div>","protected":false},"excerpt":{"rendered":"<p>Kryetari i Preshev\u00ebs, Shqiprim Arifi, ka akuzuar kryeministrin e Kosov\u00ebs, Albin Kurti, p\u00ebr neglizhenc\u00eb dhe mosdh\u00ebnie t\u00eb mb\u00ebshtetjes s\u00eb duhur ndaj shqiptar\u00ebve n\u00eb Lugin\u00eb. Arifi e quajti&#8230; <\/p>\n","protected":false},"author":1,"featured_media":4756,"comment_status":"open","ping_status":"open","sticky":false,"template":"","format":"standard","meta":{"footnotes":""},"categories":[6],"tags":[],"class_list":["post-4755","post","type-post","status-publish","format-standard","has-post-thumbnail","hentry","category-lajme"],"_links":{"self":[{"href":"https:\/\/new.findnews5.com\/index.php?rest_route=\/wp\/v2\/posts\/4755","targetHints":{"allow":["GET"]}}],"collection":[{"href":"https:\/\/new.findnews5.com\/index.php?rest_route=\/wp\/v2\/posts"}],"about":[{"href":"https:\/\/new.findnews5.com\/index.php?rest_route=\/wp\/v2\/types\/post"}],"author":[{"embeddable":true,"href":"https:\/\/new.findnews5.com\/index.php?rest_route=\/wp\/v2\/users\/1"}],"replies":[{"embeddable":true,"href":"https:\/\/new.findnews5.com\/index.php?rest_route=%2Fwp%2Fv2%2Fcomments&post=4755"}],"version-history":[{"count":0,"href":"https:\/\/new.findnews5.com\/index.php?rest_route=\/wp\/v2\/posts\/4755\/revisions"}],"wp:featuredmedia":[{"embeddable":true,"href":"https:\/\/new.findnews5.com\/index.php?rest_route=\/wp\/v2\/media\/4756"}],"wp:attachment":[{"href":"https:\/\/new.findnews5.com\/index.php?rest_route=%2Fwp%2Fv2%2Fmedia&parent=4755"}],"wp:term":[{"taxonomy":"category","embeddable":true,"href":"https:\/\/new.findnews5.com\/index.php?rest_route=%2Fwp%2Fv2%2Fcategories&post=4755"},{"taxonomy":"post_tag","embeddable":true,"href":"https:\/\/new.findnews5.com\/index.php?rest_route=%2Fwp%2Fv2%2Ftags&post=4755"}],"curies":[{"name":"wp","href":"https:\/\/api.w.org\/{rel}","templated":true}]}}